{"id":83264,"date":"2024-03-05T12:29:49","date_gmt":"2024-03-05T11:29:49","guid":{"rendered":"https:\/\/g-silver.com\/?p=83264"},"modified":"2025-04-15T09:37:04","modified_gmt":"2025-04-15T07:37:04","slug":"fashion-paris-jewels-and-watches-messe-2-4-marz-2024","status":"publish","type":"post","link":"https:\/\/g-silver.com\/de\/blog-de\/fashion-paris-jewels-and-watches-messe-2-4-marz-2024\/","title":{"rendered":"Fashion Paris Jewels and Watches Messe: 2. \u2013 4. M\u00e4rz 2024"},"content":{"rendered":"\n<div class=\"wp-block-columns is-layout-flex wp-container-core-columns-is-layout-9d6595d7 wp-block-columns-is-layout-flex\">\n<div class=\"wp-block-column is-layout-flow wp-block-column-is-layout-flow\" style=\"flex-basis:100%\"><\/div>\n<\/div>\n\n\n<div class=\"fascia-articolo-titolo-testo\">\n    <div class=\"fascia-articolo-titolo-testo__inner\">\n\n    <span class=\"title\">Eine Unverzichtbare Veranstaltung im Herzen der Place Vend\u00f4me<\/span>\n    <div class=\"testo\"> <p>Vom 2. bis 4. M\u00e4rz 2024 hatten wir das Privileg, an der Messe Fashion Paris Jewels and Watches teilzunehmen \u2013 einem prestigetr\u00e4chtigen Event, das im ikonischen Rahmen der Place Vend\u00f4me stattfand.<\/p>\n<\/div>\n\n    <\/div>\n<\/div>\n\n<div class=\"fascia-articolo-titolo-testo\">\n    <div class=\"fascia-articolo-titolo-testo__inner\">\n\n    <span class=\"title\">Eine Reise in die Exzellenz der Schmuckkunst<\/span>\n    <div class=\"testo\"> <p>Diese Veranstaltung vereinte die f\u00fchrenden Akteure der Branche und bot eine einzigartige Gelegenheit, die neuesten Trends in Schmuck, Juwelierkunst und Uhren zu entdecken. Mit gro\u00dfer Freude pr\u00e4sentierten wir unsere neuen Kollektionen aus recyceltem 925er Silber, die unser Engagement f\u00fcr eine nachhaltigere und innovativere Schmuckherstellung unterstreichen.<\/p>\n<\/div>\n\n    <\/div>\n<\/div>\n\n\n<figure class=\"wp-block-gallery has-nested-images columns-default is-cropped wp-block-gallery-1 is-layout-flex wp-block-gallery-is-layout-flex\">\n<figure class=\"wp-block-image size-full\"><a href=\"https:\/\/g-silver.com\/wp-content\/uploads\/2025\/03\/bijoux-argent-recycle-paris.jpg\"><img loading=\"lazy\" decoding=\"async\" width=\"610\" height=\"497\" data-id=\"83221\" src=\"https:\/\/g-silver.com\/wp-content\/uploads\/2025\/03\/bijoux-argent-recycle-paris.jpg\" alt=\"\" class=\"wp-image-83221\" srcset=\"https:\/\/g-silver.com\/wp-content\/uploads\/2025\/03\/bijoux-argent-recycle-paris.jpg 610w, https:\/\/g-silver.com\/wp-content\/uploads\/2025\/03\/bijoux-argent-recycle-paris-300x244.jpg 300w, https:\/\/g-silver.com\/wp-content\/uploads\/2025\/03\/bijoux-argent-recycle-paris-600x489.jpg 600w\" sizes=\"auto, (max-width: 610px) 100vw, 610px\" \/><\/a><\/figure>\n\n\n\n<figure class=\"wp-block-image size-full\"><a href=\"https:\/\/g-silver.com\/wp-content\/uploads\/2025\/03\/home_blog_chaines-925-argent.jpg\"><img loading=\"lazy\" decoding=\"async\" width=\"657\" height=\"452\" data-id=\"83209\" src=\"https:\/\/g-silver.com\/wp-content\/uploads\/2025\/03\/home_blog_chaines-925-argent.jpg\" alt=\"\" class=\"wp-image-83209\" srcset=\"https:\/\/g-silver.com\/wp-content\/uploads\/2025\/03\/home_blog_chaines-925-argent.jpg 657w, https:\/\/g-silver.com\/wp-content\/uploads\/2025\/03\/home_blog_chaines-925-argent-300x206.jpg 300w, https:\/\/g-silver.com\/wp-content\/uploads\/2025\/03\/home_blog_chaines-925-argent-600x413.jpg 600w\" sizes=\"auto, (max-width: 657px) 100vw, 657px\" \/><\/a><\/figure>\n<\/figure>\n\n\n\n<div class=\"wp-block-group is-nowrap is-layout-flex wp-container-core-group-is-layout-ad2f72ca wp-block-group-is-layout-flex\"><div class=\"fascia-articolo-titolo-testo\">\n    <div class=\"fascia-articolo-titolo-testo__inner\">\n\n    <span class=\"title\">Bereichernde Begegnungen und Inspirierende M\u00f6glichkeiten<\/span>\n    <div class=\"testo\"> <p>Die Messe Fashion Paris Jewels and Watches ist weit mehr als eine Fachveranstaltung: Sie ist ein Ort des Austauschs und der Kreativit\u00e4t, an dem etablierte Marken und junge Designer zusammenkommen, um ihre Leidenschaft zu teilen. Wir hatten die Gelegenheit, uns mit Einzelh\u00e4ndlern, Kunsthandwerkern und Eink\u00e4ufern auszutauschen, bestehende Partnerschaften zu vertiefen und vielversprechende neue Synergien zu schaffen.<\/p>\n<p>&nbsp;<\/p>\n<p>&nbsp;<\/p>\n<\/div>\n\n    <\/div>\n<\/div><\/div>\n\n\n\n<div class=\"wp-block-group is-nowrap is-layout-flex wp-container-core-group-is-layout-ad2f72ca wp-block-group-is-layout-flex\"><div class=\"fascia-articolo-titolo-testo\">\n    <div class=\"fascia-articolo-titolo-testo__inner\">\n\n    <span class=\"title\">Ein Prestigetr\u00e4chtiger Rahmen und eine Freundliche Atmosph\u00e4re<\/span>\n    <div class=\"testo\"> <p>Das Event wurde von lebhaften Abenden und exklusiven Networking-Momenten begleitet, die es allen Teilnehmern erm\u00f6glichten, Kontakte zu kn\u00fcpfen und \u00fcber die Herausforderungen und Chancen der Branche zu diskutieren. Ein herzlicher Dank geht an Fr\u00e9d\u00e9ric Bleu und das Organisationsteam f\u00fcr diesen gro\u00dfartigen Erfolg.<\/p>\n<p>&nbsp;<\/p>\n<p>&nbsp;<\/p>\n<\/div>\n\n    <\/div>\n<\/div><\/div>\n\n\n\n<div class=\"wp-block-group is-nowrap is-layout-flex wp-container-core-group-is-layout-ad2f72ca wp-block-group-is-layout-flex\"><div class=\"fascia-articolo-titolo-testo\">\n    <div class=\"fascia-articolo-titolo-testo__inner\">\n\n    <span class=\"title\">Eine Zukunftsweisende Ausgabe<\/span>\n    <div class=\"testo\"> <p>Diese Messe hat die Schl\u00fcsselrolle von Fashion Paris Jewels and Watches als eines der wichtigsten Branchentreffen best\u00e4tigt. Wir freuen uns, unsere Expertise und Leidenschaft mit Ihnen geteilt zu haben, und sind gespannt darauf, weiterhin gemeinsam Innovationen voranzutreiben.<\/p>\n<p>&nbsp;<\/p>\n<p>Vielen Dank an alle, die uns besucht und mit uns gesprochen haben. Wir sehen uns bald wieder f\u00fcr neue Abenteuer in der Welt der Schmuckkunst!<\/p>\n<\/div>\n\n    <\/div>\n<\/div><\/div>\n\n\n<div class=\"fascia-articolo-titolo-testo\">\n    <div class=\"fascia-articolo-titolo-testo__inner\">\n\n    <span class=\"title\">Folgen uns sie<\/span>\n    <div class=\"testo\"> <\/div>\n\n    <\/div>\n<\/div>\n\n\n<ul class=\"wp-block-social-links alignleft has-normal-icon-size is-horizontal is-content-justification-left is-nowrap is-layout-flex wp-container-core-social-links-is-layout-8e8a235c wp-block-social-links-is-layout-flex\"><li class=\"wp-social-link wp-social-link-instagram  wp-block-social-link\"><a rel=\"noopener nofollow\" target=\"_blank\" href=\"https:\/\/www.instagram.com\/g_silver_com\/\" class=\"wp-block-social-link-anchor\"><svg width=\"24\" height=\"24\" viewBox=\"0 0 24 24\" version=\"1.1\" xmlns=\"http:\/\/www.w3.org\/2000\/svg\" aria-hidden=\"true\" focusable=\"false\"><path d=\"M12,4.622c2.403,0,2.688,0.009,3.637,0.052c0.877,0.04,1.354,0.187,1.671,0.31c0.42,0.163,0.72,0.358,1.035,0.673 c0.315,0.315,0.51,0.615,0.673,1.035c0.123,0.317,0.27,0.794,0.31,1.671c0.043,0.949,0.052,1.234,0.052,3.637 s-0.009,2.688-0.052,3.637c-0.04,0.877-0.187,1.354-0.31,1.671c-0.163,0.42-0.358,0.72-0.673,1.035 c-0.315,0.315-0.615,0.51-1.035,0.673c-0.317,0.123-0.794,0.27-1.671,0.31c-0.949,0.043-1.233,0.052-3.637,0.052 s-2.688-0.009-3.637-0.052c-0.877-0.04-1.354-0.187-1.671-0.31c-0.42-0.163-0.72-0.358-1.035-0.673 c-0.315-0.315-0.51-0.615-0.673-1.035c-0.123-0.317-0.27-0.794-0.31-1.671C4.631,14.688,4.622,14.403,4.622,12 s0.009-2.688,0.052-3.637c0.04-0.877,0.187-1.354,0.31-1.671c0.163-0.42,0.358-0.72,0.673-1.035 c0.315-0.315,0.615-0.51,1.035-0.673c0.317-0.123,0.794-0.27,1.671-0.31C9.312,4.631,9.597,4.622,12,4.622 M12,3 C9.556,3,9.249,3.01,8.289,3.054C7.331,3.098,6.677,3.25,6.105,3.472C5.513,3.702,5.011,4.01,4.511,4.511 c-0.5,0.5-0.808,1.002-1.038,1.594C3.25,6.677,3.098,7.331,3.054,8.289C3.01,9.249,3,9.556,3,12c0,2.444,0.01,2.751,0.054,3.711 c0.044,0.958,0.196,1.612,0.418,2.185c0.23,0.592,0.538,1.094,1.038,1.594c0.5,0.5,1.002,0.808,1.594,1.038 c0.572,0.222,1.227,0.375,2.185,0.418C9.249,20.99,9.556,21,12,21s2.751-0.01,3.711-0.054c0.958-0.044,1.612-0.196,2.185-0.418 c0.592-0.23,1.094-0.538,1.594-1.038c0.5-0.5,0.808-1.002,1.038-1.594c0.222-0.572,0.375-1.227,0.418-2.185 C20.99,14.751,21,14.444,21,12s-0.01-2.751-0.054-3.711c-0.044-0.958-0.196-1.612-0.418-2.185c-0.23-0.592-0.538-1.094-1.038-1.594 c-0.5-0.5-1.002-0.808-1.594-1.038c-0.572-0.222-1.227-0.375-2.185-0.418C14.751,3.01,14.444,3,12,3L12,3z M12,7.378 c-2.552,0-4.622,2.069-4.622,4.622S9.448,16.622,12,16.622s4.622-2.069,4.622-4.622S14.552,7.378,12,7.378z M12,15 c-1.657,0-3-1.343-3-3s1.343-3,3-3s3,1.343,3,3S13.657,15,12,15z M16.804,6.116c-0.596,0-1.08,0.484-1.08,1.08 s0.484,1.08,1.08,1.08c0.596,0,1.08-0.484,1.08-1.08S17.401,6.116,16.804,6.116z\"><\/path><\/svg><span class=\"wp-block-social-link-label screen-reader-text\">Instagram<\/span><\/a><\/li>\n\n<li class=\"wp-social-link wp-social-link-linkedin  wp-block-social-link\"><a rel=\"noopener nofollow\" target=\"_blank\" href=\"https:\/\/fr.linkedin.com\/company\/gsilverdistributeurdappretsargent925\" class=\"wp-block-social-link-anchor\"><svg width=\"24\" height=\"24\" viewBox=\"0 0 24 24\" version=\"1.1\" xmlns=\"http:\/\/www.w3.org\/2000\/svg\" aria-hidden=\"true\" focusable=\"false\"><path d=\"M19.7,3H4.3C3.582,3,3,3.582,3,4.3v15.4C3,20.418,3.582,21,4.3,21h15.4c0.718,0,1.3-0.582,1.3-1.3V4.3 C21,3.582,20.418,3,19.7,3z M8.339,18.338H5.667v-8.59h2.672V18.338z M7.004,8.574c-0.857,0-1.549-0.694-1.549-1.548 c0-0.855,0.691-1.548,1.549-1.548c0.854,0,1.547,0.694,1.547,1.548C8.551,7.881,7.858,8.574,7.004,8.574z M18.339,18.338h-2.669 v-4.177c0-0.996-0.017-2.278-1.387-2.278c-1.389,0-1.601,1.086-1.601,2.206v4.249h-2.667v-8.59h2.559v1.174h0.037 c0.356-0.675,1.227-1.387,2.526-1.387c2.703,0,3.203,1.779,3.203,4.092V18.338z\"><\/path><\/svg><span class=\"wp-block-social-link-label screen-reader-text\">LinkedIn<\/span><\/a><\/li>\n\n<li class=\"wp-social-link wp-social-link-mail  wp-block-social-link\"><a rel=\"noopener nofollow\" target=\"_blank\" href=\"mailto:supp&#111;&#114;&#116;&#064;g&#045;s&#105;lv&#101;&#114;&#046;&#099;o&#109;\" class=\"wp-block-social-link-anchor\"><svg width=\"24\" height=\"24\" viewBox=\"0 0 24 24\" version=\"1.1\" xmlns=\"http:\/\/www.w3.org\/2000\/svg\" aria-hidden=\"true\" focusable=\"false\"><path d=\"M19,5H5c-1.1,0-2,.9-2,2v10c0,1.1.9,2,2,2h14c1.1,0,2-.9,2-2V7c0-1.1-.9-2-2-2zm.5,12c0,.3-.2.5-.5.5H5c-.3,0-.5-.2-.5-.5V9.8l7.5,5.6,7.5-5.6V17zm0-9.1L12,13.6,4.5,7.9V7c0-.3.2-.5.5-.5h14c.3,0,.5.2.5.5v.9z\"><\/path><\/svg><span class=\"wp-block-social-link-label screen-reader-text\">Mail<\/span><\/a><\/li><\/ul>\n","protected":false},"excerpt":{"rendered":"","protected":false},"author":33008,"featured_media":83240,"comment_status":"closed","ping_status":"closed","sticky":false,"template":"","format":"standard","meta":{"_acf_changed":false,"footnotes":""},"categories":[2,4737],"tags":[],"class_list":["post-83264","post","type-post","status-publish","format-standard","has-post-thumbnail","hentry","category-blog-de","category-messen-und-events"],"acf":[],"yoast_head":"<!-- This site is optimized with the Yoast SEO Premium plugin v26.6 (Yoast SEO v26.6) - https:\/\/yoast.com\/wordpress\/plugins\/seo\/ -->\n<title>Fashion Paris Jewels and Watches Messe: 2. \u2013 4. M\u00e4rz 2024<\/title>\n<meta name=\"description\" content=\"Fashion Paris Jewels and Watches Messe, eine prestigetr\u00e4chtige Veranstaltung im symboltr\u00e4chtigen Ambiente der Place Vend\u00f4me.\" \/>\n<meta name=\"robots\" content=\"index, follow, max-snippet:-1, max-image-preview:large, max-video-preview:-1\" \/>\n<link rel=\"canonical\" href=\"https:\/\/g-silver.com\/de\/blog-de\/fashion-paris-jewels-and-watches-messe-2-4-marz-2024\/\" \/>\n<meta property=\"og:locale\" content=\"de_DE\" \/>\n<meta property=\"og:type\" content=\"article\" \/>\n<meta property=\"og:title\" content=\"Fashion Paris Jewels and Watches Messe: 2. \u2013 4. M\u00e4rz 2024\" \/>\n<meta property=\"og:description\" content=\"Fashion Paris Jewels and Watches Messe, eine prestigetr\u00e4chtige Veranstaltung im symboltr\u00e4chtigen Ambiente der Place Vend\u00f4me.\" \/>\n<meta property=\"og:url\" content=\"https:\/\/g-silver.com\/de\/blog-de\/fashion-paris-jewels-and-watches-messe-2-4-marz-2024\/\" \/>\n<meta property=\"og:site_name\" content=\"G-Silver\" \/>\n<meta property=\"article:publisher\" content=\"https:\/\/www.facebook.com\/profile.php?id=100063277505032\" \/>\n<meta property=\"article:published_time\" content=\"2024-03-05T11:29:49+00:00\" \/>\n<meta property=\"article:modified_time\" content=\"2025-04-15T07:37:04+00:00\" \/>\n<meta property=\"og:image\" content=\"https:\/\/g-silver.com\/wp-content\/uploads\/2025\/03\/place-vendome-paris-1-scaled.jpg\" \/>\n\t<meta property=\"og:image:width\" content=\"2560\" \/>\n\t<meta property=\"og:image:height\" content=\"1440\" \/>\n\t<meta property=\"og:image:type\" content=\"image\/jpeg\" \/>\n<meta name=\"author\" content=\"Grace\" \/>\n<meta name=\"twitter:card\" content=\"summary_large_image\" \/>\n<meta name=\"twitter:label1\" content=\"Verfasst von\" \/>\n\t<meta name=\"twitter:data1\" content=\"Grace\" \/>\n\t<meta name=\"twitter:label2\" content=\"Gesch\u00e4tzte Lesezeit\" \/>\n\t<meta name=\"twitter:data2\" content=\"1\u00a0Minute\" \/>\n<script type=\"application\/ld+json\" class=\"yoast-schema-graph\">{\"@context\":\"https:\/\/schema.org\",\"@graph\":[{\"@type\":\"Article\",\"@id\":\"https:\/\/g-silver.com\/de\/blog-de\/fashion-paris-jewels-and-watches-messe-2-4-marz-2024\/#article\",\"isPartOf\":{\"@id\":\"https:\/\/g-silver.com\/de\/blog-de\/fashion-paris-jewels-and-watches-messe-2-4-marz-2024\/\"},\"author\":{\"name\":\"Grace\",\"@id\":\"https:\/\/g-silver.com\/#\/schema\/person\/332c33b916743109284a4474c917b43b\"},\"headline\":\"Fashion Paris Jewels and Watches Messe: 2. \u2013 4. M\u00e4rz 2024\",\"datePublished\":\"2024-03-05T11:29:49+00:00\",\"dateModified\":\"2025-04-15T07:37:04+00:00\",\"mainEntityOfPage\":{\"@id\":\"https:\/\/g-silver.com\/de\/blog-de\/fashion-paris-jewels-and-watches-messe-2-4-marz-2024\/\"},\"wordCount\":8,\"publisher\":{\"@id\":\"https:\/\/g-silver.com\/#organization\"},\"image\":{\"@id\":\"https:\/\/g-silver.com\/de\/blog-de\/fashion-paris-jewels-and-watches-messe-2-4-marz-2024\/#primaryimage\"},\"thumbnailUrl\":\"https:\/\/g-silver.com\/wp-content\/uploads\/2025\/03\/place-vendome-paris-1-scaled.jpg\",\"articleSection\":[\"Blog\",\"MESSEN UND EVENTS\"],\"inLanguage\":\"de\"},{\"@type\":\"WebPage\",\"@id\":\"https:\/\/g-silver.com\/de\/blog-de\/fashion-paris-jewels-and-watches-messe-2-4-marz-2024\/\",\"url\":\"https:\/\/g-silver.com\/de\/blog-de\/fashion-paris-jewels-and-watches-messe-2-4-marz-2024\/\",\"name\":\"Fashion Paris Jewels and Watches Messe: 2. \u2013 4. M\u00e4rz 2024\",\"isPartOf\":{\"@id\":\"https:\/\/g-silver.com\/#website\"},\"primaryImageOfPage\":{\"@id\":\"https:\/\/g-silver.com\/de\/blog-de\/fashion-paris-jewels-and-watches-messe-2-4-marz-2024\/#primaryimage\"},\"image\":{\"@id\":\"https:\/\/g-silver.com\/de\/blog-de\/fashion-paris-jewels-and-watches-messe-2-4-marz-2024\/#primaryimage\"},\"thumbnailUrl\":\"https:\/\/g-silver.com\/wp-content\/uploads\/2025\/03\/place-vendome-paris-1-scaled.jpg\",\"datePublished\":\"2024-03-05T11:29:49+00:00\",\"dateModified\":\"2025-04-15T07:37:04+00:00\",\"description\":\"Fashion Paris Jewels and Watches Messe, eine prestigetr\u00e4chtige Veranstaltung im symboltr\u00e4chtigen Ambiente der Place Vend\u00f4me.\",\"breadcrumb\":{\"@id\":\"https:\/\/g-silver.com\/de\/blog-de\/fashion-paris-jewels-and-watches-messe-2-4-marz-2024\/#breadcrumb\"},\"inLanguage\":\"de\",\"potentialAction\":[{\"@type\":\"ReadAction\",\"target\":[\"https:\/\/g-silver.com\/de\/blog-de\/fashion-paris-jewels-and-watches-messe-2-4-marz-2024\/\"]}]},{\"@type\":\"ImageObject\",\"inLanguage\":\"de\",\"@id\":\"https:\/\/g-silver.com\/de\/blog-de\/fashion-paris-jewels-and-watches-messe-2-4-marz-2024\/#primaryimage\",\"url\":\"https:\/\/g-silver.com\/wp-content\/uploads\/2025\/03\/place-vendome-paris-1-scaled.jpg\",\"contentUrl\":\"https:\/\/g-silver.com\/wp-content\/uploads\/2025\/03\/place-vendome-paris-1-scaled.jpg\",\"width\":2560,\"height\":1440},{\"@type\":\"BreadcrumbList\",\"@id\":\"https:\/\/g-silver.com\/de\/blog-de\/fashion-paris-jewels-and-watches-messe-2-4-marz-2024\/#breadcrumb\",\"itemListElement\":[{\"@type\":\"ListItem\",\"position\":1,\"name\":\"Home\",\"item\":\"https:\/\/g-silver.com\/de\/\"},{\"@type\":\"ListItem\",\"position\":2,\"name\":\"Blog\",\"item\":\"https:\/\/g-silver.com\/de\/category\/blog-de\/\"},{\"@type\":\"ListItem\",\"position\":3,\"name\":\"Fashion Paris Jewels and Watches Messe: 2. \u2013 4. M\u00e4rz 2024\"}]},{\"@type\":\"WebSite\",\"@id\":\"https:\/\/g-silver.com\/#website\",\"url\":\"https:\/\/g-silver.com\/\",\"name\":\"G-Silver\",\"description\":\"\",\"publisher\":{\"@id\":\"https:\/\/g-silver.com\/#organization\"},\"potentialAction\":[{\"@type\":\"SearchAction\",\"target\":{\"@type\":\"EntryPoint\",\"urlTemplate\":\"https:\/\/g-silver.com\/?s={search_term_string}\"},\"query-input\":{\"@type\":\"PropertyValueSpecification\",\"valueRequired\":true,\"valueName\":\"search_term_string\"}}],\"inLanguage\":\"de\"},{\"@type\":\"Organization\",\"@id\":\"https:\/\/g-silver.com\/#organization\",\"name\":\"G-Silver\",\"url\":\"https:\/\/g-silver.com\/\",\"logo\":{\"@type\":\"ImageObject\",\"inLanguage\":\"de\",\"@id\":\"https:\/\/g-silver.com\/#\/schema\/logo\/image\/\",\"url\":\"https:\/\/g-silver.com\/wp-content\/uploads\/2025\/03\/G-Silver__Short-Logo.jpg\",\"contentUrl\":\"https:\/\/g-silver.com\/wp-content\/uploads\/2025\/03\/G-Silver__Short-Logo.jpg\",\"width\":1182,\"height\":1182,\"caption\":\"G-Silver\"},\"image\":{\"@id\":\"https:\/\/g-silver.com\/#\/schema\/logo\/image\/\"},\"sameAs\":[\"https:\/\/www.facebook.com\/profile.php?id=100063277505032\",\"https:\/\/www.instagram.com\/g_silver_com\/\"]},{\"@type\":\"Person\",\"@id\":\"https:\/\/g-silver.com\/#\/schema\/person\/332c33b916743109284a4474c917b43b\",\"name\":\"Grace\",\"image\":{\"@type\":\"ImageObject\",\"inLanguage\":\"de\",\"@id\":\"https:\/\/g-silver.com\/#\/schema\/person\/image\/\",\"url\":\"https:\/\/secure.gravatar.com\/avatar\/9c2905d5619b55992a158afebe16e63c5f223c143a218824c4ca23ff695ca186?s=96&d=mm&r=g\",\"contentUrl\":\"https:\/\/secure.gravatar.com\/avatar\/9c2905d5619b55992a158afebe16e63c5f223c143a218824c4ca23ff695ca186?s=96&d=mm&r=g\",\"caption\":\"Grace\"}}]}<\/script>\n<!-- \/ Yoast SEO Premium plugin. -->","yoast_head_json":{"title":"Fashion Paris Jewels and Watches Messe: 2. \u2013 4. M\u00e4rz 2024","description":"Fashion Paris Jewels and Watches Messe, eine prestigetr\u00e4chtige Veranstaltung im symboltr\u00e4chtigen Ambiente der Place Vend\u00f4me.","robots":{"index":"index","follow":"follow","max-snippet":"max-snippet:-1","max-image-preview":"max-image-preview:large","max-video-preview":"max-video-preview:-1"},"canonical":"https:\/\/g-silver.com\/de\/blog-de\/fashion-paris-jewels-and-watches-messe-2-4-marz-2024\/","og_locale":"de_DE","og_type":"article","og_title":"Fashion Paris Jewels and Watches Messe: 2. \u2013 4. M\u00e4rz 2024","og_description":"Fashion Paris Jewels and Watches Messe, eine prestigetr\u00e4chtige Veranstaltung im symboltr\u00e4chtigen Ambiente der Place Vend\u00f4me.","og_url":"https:\/\/g-silver.com\/de\/blog-de\/fashion-paris-jewels-and-watches-messe-2-4-marz-2024\/","og_site_name":"G-Silver","article_publisher":"https:\/\/www.facebook.com\/profile.php?id=100063277505032","article_published_time":"2024-03-05T11:29:49+00:00","article_modified_time":"2025-04-15T07:37:04+00:00","og_image":[{"width":2560,"height":1440,"url":"https:\/\/g-silver.com\/wp-content\/uploads\/2025\/03\/place-vendome-paris-1-scaled.jpg","type":"image\/jpeg"}],"author":"Grace","twitter_card":"summary_large_image","twitter_misc":{"Verfasst von":"Grace","Gesch\u00e4tzte Lesezeit":"1\u00a0Minute"},"schema":{"@context":"https:\/\/schema.org","@graph":[{"@type":"Article","@id":"https:\/\/g-silver.com\/de\/blog-de\/fashion-paris-jewels-and-watches-messe-2-4-marz-2024\/#article","isPartOf":{"@id":"https:\/\/g-silver.com\/de\/blog-de\/fashion-paris-jewels-and-watches-messe-2-4-marz-2024\/"},"author":{"name":"Grace","@id":"https:\/\/g-silver.com\/#\/schema\/person\/332c33b916743109284a4474c917b43b"},"headline":"Fashion Paris Jewels and Watches Messe: 2. \u2013 4. M\u00e4rz 2024","datePublished":"2024-03-05T11:29:49+00:00","dateModified":"2025-04-15T07:37:04+00:00","mainEntityOfPage":{"@id":"https:\/\/g-silver.com\/de\/blog-de\/fashion-paris-jewels-and-watches-messe-2-4-marz-2024\/"},"wordCount":8,"publisher":{"@id":"https:\/\/g-silver.com\/#organization"},"image":{"@id":"https:\/\/g-silver.com\/de\/blog-de\/fashion-paris-jewels-and-watches-messe-2-4-marz-2024\/#primaryimage"},"thumbnailUrl":"https:\/\/g-silver.com\/wp-content\/uploads\/2025\/03\/place-vendome-paris-1-scaled.jpg","articleSection":["Blog","MESSEN UND EVENTS"],"inLanguage":"de"},{"@type":"WebPage","@id":"https:\/\/g-silver.com\/de\/blog-de\/fashion-paris-jewels-and-watches-messe-2-4-marz-2024\/","url":"https:\/\/g-silver.com\/de\/blog-de\/fashion-paris-jewels-and-watches-messe-2-4-marz-2024\/","name":"Fashion Paris Jewels and Watches Messe: 2. \u2013 4. M\u00e4rz 2024","isPartOf":{"@id":"https:\/\/g-silver.com\/#website"},"primaryImageOfPage":{"@id":"https:\/\/g-silver.com\/de\/blog-de\/fashion-paris-jewels-and-watches-messe-2-4-marz-2024\/#primaryimage"},"image":{"@id":"https:\/\/g-silver.com\/de\/blog-de\/fashion-paris-jewels-and-watches-messe-2-4-marz-2024\/#primaryimage"},"thumbnailUrl":"https:\/\/g-silver.com\/wp-content\/uploads\/2025\/03\/place-vendome-paris-1-scaled.jpg","datePublished":"2024-03-05T11:29:49+00:00","dateModified":"2025-04-15T07:37:04+00:00","description":"Fashion Paris Jewels and Watches Messe, eine prestigetr\u00e4chtige Veranstaltung im symboltr\u00e4chtigen Ambiente der Place Vend\u00f4me.","breadcrumb":{"@id":"https:\/\/g-silver.com\/de\/blog-de\/fashion-paris-jewels-and-watches-messe-2-4-marz-2024\/#breadcrumb"},"inLanguage":"de","potentialAction":[{"@type":"ReadAction","target":["https:\/\/g-silver.com\/de\/blog-de\/fashion-paris-jewels-and-watches-messe-2-4-marz-2024\/"]}]},{"@type":"ImageObject","inLanguage":"de","@id":"https:\/\/g-silver.com\/de\/blog-de\/fashion-paris-jewels-and-watches-messe-2-4-marz-2024\/#primaryimage","url":"https:\/\/g-silver.com\/wp-content\/uploads\/2025\/03\/place-vendome-paris-1-scaled.jpg","contentUrl":"https:\/\/g-silver.com\/wp-content\/uploads\/2025\/03\/place-vendome-paris-1-scaled.jpg","width":2560,"height":1440},{"@type":"BreadcrumbList","@id":"https:\/\/g-silver.com\/de\/blog-de\/fashion-paris-jewels-and-watches-messe-2-4-marz-2024\/#breadcrumb","itemListElement":[{"@type":"ListItem","position":1,"name":"Home","item":"https:\/\/g-silver.com\/de\/"},{"@type":"ListItem","position":2,"name":"Blog","item":"https:\/\/g-silver.com\/de\/category\/blog-de\/"},{"@type":"ListItem","position":3,"name":"Fashion Paris Jewels and Watches Messe: 2. \u2013 4. M\u00e4rz 2024"}]},{"@type":"WebSite","@id":"https:\/\/g-silver.com\/#website","url":"https:\/\/g-silver.com\/","name":"G-Silver","description":"","publisher":{"@id":"https:\/\/g-silver.com\/#organization"},"potentialAction":[{"@type":"SearchAction","target":{"@type":"EntryPoint","urlTemplate":"https:\/\/g-silver.com\/?s={search_term_string}"},"query-input":{"@type":"PropertyValueSpecification","valueRequired":true,"valueName":"search_term_string"}}],"inLanguage":"de"},{"@type":"Organization","@id":"https:\/\/g-silver.com\/#organization","name":"G-Silver","url":"https:\/\/g-silver.com\/","logo":{"@type":"ImageObject","inLanguage":"de","@id":"https:\/\/g-silver.com\/#\/schema\/logo\/image\/","url":"https:\/\/g-silver.com\/wp-content\/uploads\/2025\/03\/G-Silver__Short-Logo.jpg","contentUrl":"https:\/\/g-silver.com\/wp-content\/uploads\/2025\/03\/G-Silver__Short-Logo.jpg","width":1182,"height":1182,"caption":"G-Silver"},"image":{"@id":"https:\/\/g-silver.com\/#\/schema\/logo\/image\/"},"sameAs":["https:\/\/www.facebook.com\/profile.php?id=100063277505032","https:\/\/www.instagram.com\/g_silver_com\/"]},{"@type":"Person","@id":"https:\/\/g-silver.com\/#\/schema\/person\/332c33b916743109284a4474c917b43b","name":"Grace","image":{"@type":"ImageObject","inLanguage":"de","@id":"https:\/\/g-silver.com\/#\/schema\/person\/image\/","url":"https:\/\/secure.gravatar.com\/avatar\/9c2905d5619b55992a158afebe16e63c5f223c143a218824c4ca23ff695ca186?s=96&d=mm&r=g","contentUrl":"https:\/\/secure.gravatar.com\/avatar\/9c2905d5619b55992a158afebe16e63c5f223c143a218824c4ca23ff695ca186?s=96&d=mm&r=g","caption":"Grace"}}]}},"_links":{"self":[{"href":"https:\/\/g-silver.com\/de\/wp-json\/wp\/v2\/posts\/83264","targetHints":{"allow":["GET"]}}],"collection":[{"href":"https:\/\/g-silver.com\/de\/wp-json\/wp\/v2\/posts"}],"about":[{"href":"https:\/\/g-silver.com\/de\/wp-json\/wp\/v2\/types\/post"}],"author":[{"embeddable":true,"href":"https:\/\/g-silver.com\/de\/wp-json\/wp\/v2\/users\/33008"}],"replies":[{"embeddable":true,"href":"https:\/\/g-silver.com\/de\/wp-json\/wp\/v2\/comments?post=83264"}],"version-history":[{"count":1,"href":"https:\/\/g-silver.com\/de\/wp-json\/wp\/v2\/posts\/83264\/revisions"}],"predecessor-version":[{"id":83265,"href":"https:\/\/g-silver.com\/de\/wp-json\/wp\/v2\/posts\/83264\/revisions\/83265"}],"wp:featuredmedia":[{"embeddable":true,"href":"https:\/\/g-silver.com\/de\/wp-json\/wp\/v2\/media\/83240"}],"wp:attachment":[{"href":"https:\/\/g-silver.com\/de\/wp-json\/wp\/v2\/media?parent=83264"}],"wp:term":[{"taxonomy":"category","embeddable":true,"href":"https:\/\/g-silver.com\/de\/wp-json\/wp\/v2\/categories?post=83264"},{"taxonomy":"post_tag","embeddable":true,"href":"https:\/\/g-silver.com\/de\/wp-json\/wp\/v2\/tags?post=83264"}],"curies":[{"name":"wp","href":"https:\/\/api.w.org\/{rel}","templated":true}]}}