{"id":83155,"date":"2025-02-25T10:48:29","date_gmt":"2025-02-25T09:48:29","guid":{"rendered":"https:\/\/g-silver.com\/?p=83155"},"modified":"2025-04-15T14:03:45","modified_gmt":"2025-04-15T12:03:45","slug":"salone-inhorgenta-monaco-21-24-febbraio-2025","status":"publish","type":"post","link":"https:\/\/g-silver.com\/it\/blog\/salone-inhorgenta-monaco-21-24-febbraio-2025\/","title":{"rendered":"Salone Inhorgenta Monaco: 21 &#8211; 24 febbraio 2025"},"content":{"rendered":"\n<div class=\"wp-block-columns is-layout-flex wp-container-core-columns-is-layout-9d6595d7 wp-block-columns-is-layout-flex\">\n<div class=\"wp-block-column is-layout-flow wp-block-column-is-layout-flow\" style=\"flex-basis:100%\">\n<figure class=\"wp-block-gallery has-nested-images columns-default is-cropped wp-block-gallery-1 is-layout-flex wp-block-gallery-is-layout-flex\">\n<figure class=\"wp-block-image size-large\"><a href=\"https:\/\/g-silver.com\/wp-content\/uploads\/2025\/03\/inhorgenta-Messe-Munchen-2025.jpg\"><img loading=\"lazy\" decoding=\"async\" width=\"610\" height=\"497\" data-id=\"82946\" src=\"https:\/\/g-silver.com\/wp-content\/uploads\/2025\/03\/inhorgenta-Messe-Munchen-2025.jpg\" alt=\"Entr\u00e9e du salon Inhorgenta Messe Munich 2025, avec une porte imposante accueillant les visiteurs.\" class=\"wp-image-82946\" srcset=\"https:\/\/g-silver.com\/wp-content\/uploads\/2025\/03\/inhorgenta-Messe-Munchen-2025.jpg 610w, https:\/\/g-silver.com\/wp-content\/uploads\/2025\/03\/inhorgenta-Messe-Munchen-2025-300x244.jpg 300w, https:\/\/g-silver.com\/wp-content\/uploads\/2025\/03\/inhorgenta-Messe-Munchen-2025-600x489.jpg 600w\" sizes=\"auto, (max-width: 610px) 100vw, 610px\" \/><\/a><\/figure>\n\n\n\n<figure class=\"wp-block-image size-large\"><a href=\"https:\/\/g-silver.com\/wp-content\/uploads\/2025\/03\/inhorgenta-munich.jpg\"><img loading=\"lazy\" decoding=\"async\" width=\"610\" height=\"497\" data-id=\"82950\" src=\"https:\/\/g-silver.com\/wp-content\/uploads\/2025\/03\/inhorgenta-munich.jpg\" alt=\"Fleurs d\u00e9coratives \u00e0 l'entr\u00e9e du salon Inhorgenta Messe Munich 2025, accueillant chaleureusement les participants.\" class=\"wp-image-82950\" srcset=\"https:\/\/g-silver.com\/wp-content\/uploads\/2025\/03\/inhorgenta-munich.jpg 610w, https:\/\/g-silver.com\/wp-content\/uploads\/2025\/03\/inhorgenta-munich-300x244.jpg 300w, https:\/\/g-silver.com\/wp-content\/uploads\/2025\/03\/inhorgenta-munich-600x489.jpg 600w\" sizes=\"auto, (max-width: 610px) 100vw, 610px\" \/><\/a><\/figure>\n<\/figure>\n<\/div>\n<\/div>\n\n\n<div class=\"fascia-articolo-titolo-testo\">\n    <div class=\"fascia-articolo-titolo-testo__inner\">\n\n    <span class=\"title\">Un grande raduno per i professionisti della gioielleria<\/span>\n    <div class=\"testo\"> <p>Siamo entusiasti di aver partecipato alla nostra prima edizione del salone Inhorgenta a Monaco, dal 21 al 24 febbraio 2025. Questo evento imperdibile nel mondo della gioielleria, dell&#8217;orologeria e delle pietre preziose ci ha offerto un\u2019immersione straordinaria nelle tendenze e innovazioni del settore.<\/p>\n<\/div>\n\n    <\/div>\n<\/div>\n\n\n<figure class=\"wp-block-gallery aligncenter has-nested-images columns-default is-cropped wp-block-gallery-2 is-layout-flex wp-block-gallery-is-layout-flex\">\n<figure class=\"wp-block-image size-large\"><a href=\"https:\/\/g-silver.com\/wp-content\/uploads\/2025\/03\/booth-g-Silver-inhorgenta-2025.jpg\"><img loading=\"lazy\" decoding=\"async\" width=\"610\" height=\"497\" data-id=\"82958\" src=\"https:\/\/g-silver.com\/wp-content\/uploads\/2025\/03\/booth-g-Silver-inhorgenta-2025.jpg\" alt=\"Vue du stand G-Silver \u00e0 Inhorgenta Messe Munich 2025, mettant en avant des bijoux en argent, des cha\u00eenes et des m\u00e9dailles.\" class=\"wp-image-82958\" srcset=\"https:\/\/g-silver.com\/wp-content\/uploads\/2025\/03\/booth-g-Silver-inhorgenta-2025.jpg 610w, https:\/\/g-silver.com\/wp-content\/uploads\/2025\/03\/booth-g-Silver-inhorgenta-2025-300x244.jpg 300w, https:\/\/g-silver.com\/wp-content\/uploads\/2025\/03\/booth-g-Silver-inhorgenta-2025-600x489.jpg 600w\" sizes=\"auto, (max-width: 610px) 100vw, 610px\" \/><\/a><\/figure>\n\n\n\n<figure class=\"wp-block-image size-large\"><a href=\"https:\/\/g-silver.com\/wp-content\/uploads\/2025\/03\/inhorgenta-allemagne-g-silver.jpg\"><img loading=\"lazy\" decoding=\"async\" width=\"610\" height=\"497\" data-id=\"82954\" src=\"https:\/\/g-silver.com\/wp-content\/uploads\/2025\/03\/inhorgenta-allemagne-g-silver.jpg\" alt=\"S\u00e9lection d'appr\u00eats en argent pour bijoux, expos\u00e9es au stand G-Silver \u00e0 Inhorgenta Messe Munich 2025.\" class=\"wp-image-82954\" srcset=\"https:\/\/g-silver.com\/wp-content\/uploads\/2025\/03\/inhorgenta-allemagne-g-silver.jpg 610w, https:\/\/g-silver.com\/wp-content\/uploads\/2025\/03\/inhorgenta-allemagne-g-silver-300x244.jpg 300w, https:\/\/g-silver.com\/wp-content\/uploads\/2025\/03\/inhorgenta-allemagne-g-silver-600x489.jpg 600w\" sizes=\"auto, (max-width: 610px) 100vw, 610px\" \/><\/a><\/figure>\n\n\n\n<figure class=\"wp-block-image size-large\"><a href=\"https:\/\/g-silver.com\/wp-content\/uploads\/2025\/03\/g-silver-colorful-silver-findings.jpg\"><img loading=\"lazy\" decoding=\"async\" width=\"610\" height=\"497\" data-id=\"82938\" src=\"https:\/\/g-silver.com\/wp-content\/uploads\/2025\/03\/g-silver-colorful-silver-findings.jpg\" alt=\"Appr\u00eats en argent color\u00e9 expos\u00e9es par G-Silver \u00e0 Inhorgenta Messe Munich 2025, id\u00e9ales pour la cr\u00e9ation de bijoux\" class=\"wp-image-82938\" srcset=\"https:\/\/g-silver.com\/wp-content\/uploads\/2025\/03\/g-silver-colorful-silver-findings.jpg 610w, https:\/\/g-silver.com\/wp-content\/uploads\/2025\/03\/g-silver-colorful-silver-findings-300x244.jpg 300w, https:\/\/g-silver.com\/wp-content\/uploads\/2025\/03\/g-silver-colorful-silver-findings-600x489.jpg 600w\" sizes=\"auto, (max-width: 610px) 100vw, 610px\" \/><\/a><\/figure>\n<\/figure>\n\n\n<div class=\"fascia-articolo-titolo-testo\">\n    <div class=\"fascia-articolo-titolo-testo__inner\">\n\n    <span class=\"title\">Un evento ricco di incontri e scoperte<\/span>\n    <div class=\"testo\"> <p>Inhorgenta non \u00e8 solo una fiera professionale, ma un vero crocevia in cui creativit\u00e0, artigianalit\u00e0 e innovazione si incontrano. Durante questi quattro giorni intensi, abbiamo avuto il piacere di presentare la nostra nuova collezione in argento 925, insieme alle nostre creazioni su misura, pensate per soddisfare i desideri e le esigenze dei nostri clienti.<\/p>\n<p>Gli scambi con visitatori, esperti e appassionati del settore sono stati una preziosa fonte di ispirazione. Abbiamo scoperto nuove tendenze, condiviso i nostri valori e rafforzato il nostro impegno per una gioielleria pi\u00f9 sostenibile e responsabile.<\/p>\n<\/div>\n\n    <\/div>\n<\/div>\n\n<div class=\"fascia-articolo-titolo-testo\">\n    <div class=\"fascia-articolo-titolo-testo__inner\">\n\n    <span class=\"title\">Momenti salienti ed esperienze indimenticabili<\/span>\n    <div class=\"testo\"> <p>L\u2019edizione 2025 del salone INHORGENTA si \u00e8 distinta per una scenografia rinnovata e un\u2019audace valorizzazione dell\u2019innovazione e del design. Tra installazioni artistiche affascinanti, pezzi unici straordinari e discussioni arricchenti durante i &#8220;Watch Talks&#8221;, ogni momento \u00e8 stato un\u2019occasione di apprendimento e meraviglia.<\/p>\n<p>Siamo rimasti particolarmente colpiti dall\u2019Experience Hub, uno spazio unico in cui i brand hanno potuto interagire in modo immersivo con i visitatori. \u00c8 stata un\u2019opportunit\u00e0 perfetta per rafforzare il legame con la nostra community e condividere la nostra passione per i gioielli senza tempo.<\/p>\n<\/div>\n\n    <\/div>\n<\/div>\n\n\n<figure class=\"wp-block-gallery has-nested-images columns-default is-cropped wp-block-gallery-3 is-layout-flex wp-block-gallery-is-layout-flex\">\n<figure class=\"wp-block-image size-large\"><a href=\"https:\/\/g-silver.com\/wp-content\/uploads\/2025\/03\/silver-jewellery.jpg\"><img loading=\"lazy\" decoding=\"async\" width=\"610\" height=\"497\" data-id=\"82966\" src=\"https:\/\/g-silver.com\/wp-content\/uploads\/2025\/03\/silver-jewellery.jpg\" alt=\"S\u00e9lection d'appr\u00eats en argent pour bijoux, expos\u00e9es au stand G-Silver \u00e0 Inhorgenta Messe Munich 2025.\" class=\"wp-image-82966\" srcset=\"https:\/\/g-silver.com\/wp-content\/uploads\/2025\/03\/silver-jewellery.jpg 610w, https:\/\/g-silver.com\/wp-content\/uploads\/2025\/03\/silver-jewellery-300x244.jpg 300w, https:\/\/g-silver.com\/wp-content\/uploads\/2025\/03\/silver-jewellery-600x489.jpg 600w\" sizes=\"auto, (max-width: 610px) 100vw, 610px\" \/><\/a><\/figure>\n\n\n\n<figure class=\"wp-block-image size-large\"><a href=\"https:\/\/g-silver.com\/wp-content\/uploads\/2025\/03\/silver-findings.jpg\"><img loading=\"lazy\" decoding=\"async\" width=\"610\" height=\"497\" data-id=\"82974\" src=\"https:\/\/g-silver.com\/wp-content\/uploads\/2025\/03\/silver-findings.jpg\" alt=\"M\u00e9dailles gaufr\u00e9es en argent et cha\u00eenes en argent expos\u00e9es \u00e0 Inhorgenta Messe Munich 2025, montrant un artisanat exceptionnel\" class=\"wp-image-82974\" srcset=\"https:\/\/g-silver.com\/wp-content\/uploads\/2025\/03\/silver-findings.jpg 610w, https:\/\/g-silver.com\/wp-content\/uploads\/2025\/03\/silver-findings-300x244.jpg 300w, https:\/\/g-silver.com\/wp-content\/uploads\/2025\/03\/silver-findings-600x489.jpg 600w\" sizes=\"auto, (max-width: 610px) 100vw, 610px\" \/><\/a><\/figure>\n\n\n\n<figure class=\"wp-block-image size-large\"><a href=\"https:\/\/g-silver.com\/wp-content\/uploads\/2025\/03\/embossed-medals-g-silver.jpg\"><img loading=\"lazy\" decoding=\"async\" width=\"610\" height=\"497\" data-id=\"82962\" src=\"https:\/\/g-silver.com\/wp-content\/uploads\/2025\/03\/embossed-medals-g-silver.jpg\" alt=\"S\u00e9lection d'appr\u00eats en argent pour bijoux, expos\u00e9es au stand G-Silver \u00e0 Inhorgenta Messe Munich 2025.\" class=\"wp-image-82962\" srcset=\"https:\/\/g-silver.com\/wp-content\/uploads\/2025\/03\/embossed-medals-g-silver.jpg 610w, https:\/\/g-silver.com\/wp-content\/uploads\/2025\/03\/embossed-medals-g-silver-300x244.jpg 300w, https:\/\/g-silver.com\/wp-content\/uploads\/2025\/03\/embossed-medals-g-silver-600x489.jpg 600w\" sizes=\"auto, (max-width: 610px) 100vw, 610px\" \/><\/a><\/figure>\n<\/figure>\n\n\n<div class=\"fascia-articolo-titolo-testo\">\n    <div class=\"fascia-articolo-titolo-testo__inner\">\n\n    <span class=\"title\">Un grande grazie<\/span>\n    <div class=\"testo\"> <p>Vogliamo esprimere la nostra gratitudine a tutte le persone che hanno dedicato il loro tempo per incontrarci, discutere con noi dei loro progetti e scoprire le nostre collezioni. Il vostro entusiasmo e il vostro interesse per il nostro lavoro ci motivano a fare sempre meglio.<\/p>\n<p>Questo salone segna un\u2019importante tappa del nostro percorso e rafforza il nostro impegno nel proporre gioielli d\u2019eccezione, realizzati con cura e responsabilit\u00e0. Non vediamo l\u2019ora di proseguire questa meravigliosa avventura con voi e di ritrovarvi presto per nuovi eventi!<\/p>\n<p>Restate connessi per scoprire i prossimi appuntamenti e le nostre future collezioni.<\/p>\n<\/div>\n\n    <\/div>\n<\/div>\n\n<div class=\"fascia-articolo-titolo-testo\">\n    <div class=\"fascia-articolo-titolo-testo__inner\">\n\n    <span class=\"title\">Seguici<\/span>\n    <div class=\"testo\"> <\/div>\n\n    <\/div>\n<\/div>\n\n\n<ul class=\"wp-block-social-links alignleft has-normal-icon-size is-horizontal is-content-justification-left is-nowrap is-layout-flex wp-container-core-social-links-is-layout-8e8a235c wp-block-social-links-is-layout-flex\"><li class=\"wp-social-link wp-social-link-instagram  wp-block-social-link\"><a rel=\"noopener nofollow\" target=\"_blank\" href=\"https:\/\/www.instagram.com\/g_silver_com\/\" class=\"wp-block-social-link-anchor\"><svg width=\"24\" height=\"24\" viewBox=\"0 0 24 24\" version=\"1.1\" xmlns=\"http:\/\/www.w3.org\/2000\/svg\" aria-hidden=\"true\" focusable=\"false\"><path d=\"M12,4.622c2.403,0,2.688,0.009,3.637,0.052c0.877,0.04,1.354,0.187,1.671,0.31c0.42,0.163,0.72,0.358,1.035,0.673 c0.315,0.315,0.51,0.615,0.673,1.035c0.123,0.317,0.27,0.794,0.31,1.671c0.043,0.949,0.052,1.234,0.052,3.637 s-0.009,2.688-0.052,3.637c-0.04,0.877-0.187,1.354-0.31,1.671c-0.163,0.42-0.358,0.72-0.673,1.035 c-0.315,0.315-0.615,0.51-1.035,0.673c-0.317,0.123-0.794,0.27-1.671,0.31c-0.949,0.043-1.233,0.052-3.637,0.052 s-2.688-0.009-3.637-0.052c-0.877-0.04-1.354-0.187-1.671-0.31c-0.42-0.163-0.72-0.358-1.035-0.673 c-0.315-0.315-0.51-0.615-0.673-1.035c-0.123-0.317-0.27-0.794-0.31-1.671C4.631,14.688,4.622,14.403,4.622,12 s0.009-2.688,0.052-3.637c0.04-0.877,0.187-1.354,0.31-1.671c0.163-0.42,0.358-0.72,0.673-1.035 c0.315-0.315,0.615-0.51,1.035-0.673c0.317-0.123,0.794-0.27,1.671-0.31C9.312,4.631,9.597,4.622,12,4.622 M12,3 C9.556,3,9.249,3.01,8.289,3.054C7.331,3.098,6.677,3.25,6.105,3.472C5.513,3.702,5.011,4.01,4.511,4.511 c-0.5,0.5-0.808,1.002-1.038,1.594C3.25,6.677,3.098,7.331,3.054,8.289C3.01,9.249,3,9.556,3,12c0,2.444,0.01,2.751,0.054,3.711 c0.044,0.958,0.196,1.612,0.418,2.185c0.23,0.592,0.538,1.094,1.038,1.594c0.5,0.5,1.002,0.808,1.594,1.038 c0.572,0.222,1.227,0.375,2.185,0.418C9.249,20.99,9.556,21,12,21s2.751-0.01,3.711-0.054c0.958-0.044,1.612-0.196,2.185-0.418 c0.592-0.23,1.094-0.538,1.594-1.038c0.5-0.5,0.808-1.002,1.038-1.594c0.222-0.572,0.375-1.227,0.418-2.185 C20.99,14.751,21,14.444,21,12s-0.01-2.751-0.054-3.711c-0.044-0.958-0.196-1.612-0.418-2.185c-0.23-0.592-0.538-1.094-1.038-1.594 c-0.5-0.5-1.002-0.808-1.594-1.038c-0.572-0.222-1.227-0.375-2.185-0.418C14.751,3.01,14.444,3,12,3L12,3z M12,7.378 c-2.552,0-4.622,2.069-4.622,4.622S9.448,16.622,12,16.622s4.622-2.069,4.622-4.622S14.552,7.378,12,7.378z M12,15 c-1.657,0-3-1.343-3-3s1.343-3,3-3s3,1.343,3,3S13.657,15,12,15z M16.804,6.116c-0.596,0-1.08,0.484-1.08,1.08 s0.484,1.08,1.08,1.08c0.596,0,1.08-0.484,1.08-1.08S17.401,6.116,16.804,6.116z\"><\/path><\/svg><span class=\"wp-block-social-link-label screen-reader-text\">Instagram<\/span><\/a><\/li>\n\n<li class=\"wp-social-link wp-social-link-linkedin  wp-block-social-link\"><a rel=\"noopener nofollow\" target=\"_blank\" href=\"https:\/\/fr.linkedin.com\/company\/gsilverdistributeurdappretsargent925\" class=\"wp-block-social-link-anchor\"><svg width=\"24\" height=\"24\" viewBox=\"0 0 24 24\" version=\"1.1\" xmlns=\"http:\/\/www.w3.org\/2000\/svg\" aria-hidden=\"true\" focusable=\"false\"><path d=\"M19.7,3H4.3C3.582,3,3,3.582,3,4.3v15.4C3,20.418,3.582,21,4.3,21h15.4c0.718,0,1.3-0.582,1.3-1.3V4.3 C21,3.582,20.418,3,19.7,3z M8.339,18.338H5.667v-8.59h2.672V18.338z M7.004,8.574c-0.857,0-1.549-0.694-1.549-1.548 c0-0.855,0.691-1.548,1.549-1.548c0.854,0,1.547,0.694,1.547,1.548C8.551,7.881,7.858,8.574,7.004,8.574z M18.339,18.338h-2.669 v-4.177c0-0.996-0.017-2.278-1.387-2.278c-1.389,0-1.601,1.086-1.601,2.206v4.249h-2.667v-8.59h2.559v1.174h0.037 c0.356-0.675,1.227-1.387,2.526-1.387c2.703,0,3.203,1.779,3.203,4.092V18.338z\"><\/path><\/svg><span class=\"wp-block-social-link-label screen-reader-text\">LinkedIn<\/span><\/a><\/li>\n\n<li class=\"wp-social-link wp-social-link-mail  wp-block-social-link\"><a rel=\"noopener nofollow\" target=\"_blank\" href=\"mailto:s&#117;p&#112;&#111;&#114;&#116;&#064;g-&#115;i&#108;&#118;er&#046;&#099;&#111;&#109;\" class=\"wp-block-social-link-anchor\"><svg width=\"24\" height=\"24\" viewBox=\"0 0 24 24\" version=\"1.1\" xmlns=\"http:\/\/www.w3.org\/2000\/svg\" aria-hidden=\"true\" focusable=\"false\"><path d=\"M19,5H5c-1.1,0-2,.9-2,2v10c0,1.1.9,2,2,2h14c1.1,0,2-.9,2-2V7c0-1.1-.9-2-2-2zm.5,12c0,.3-.2.5-.5.5H5c-.3,0-.5-.2-.5-.5V9.8l7.5,5.6,7.5-5.6V17zm0-9.1L12,13.6,4.5,7.9V7c0-.3.2-.5.5-.5h14c.3,0,.5.2.5.5v.9z\"><\/path><\/svg><span class=\"wp-block-social-link-label screen-reader-text\">Mail<\/span><\/a><\/li><\/ul>\n","protected":false},"excerpt":{"rendered":"","protected":false},"author":33008,"featured_media":82988,"comment_status":"closed","ping_status":"closed","sticky":false,"template":"","format":"standard","meta":{"_acf_changed":false,"footnotes":""},"categories":[3514,4738],"tags":[],"class_list":["post-83155","post","type-post","status-publish","format-standard","has-post-thumbnail","hentry","category-blog","category-fiere-ed-eventi"],"acf":[],"yoast_head":"<!-- This site is optimized with the Yoast SEO Premium plugin v26.6 (Yoast SEO v26.6) - https:\/\/yoast.com\/wordpress\/plugins\/seo\/ -->\n<title>Salone Inhorgenta Monaco: 21 - 24 febbraio 2025<\/title>\n<meta name=\"description\" content=\"Inhorgenta non \u00e8 solo una fiera professionale, ma un vero crocevia in cui creativit\u00e0, artigianalit\u00e0 e innovazione si incontrano.\" \/>\n<meta name=\"robots\" content=\"index, follow, max-snippet:-1, max-image-preview:large, max-video-preview:-1\" \/>\n<link rel=\"canonical\" href=\"https:\/\/g-silver.com\/it\/blog\/salone-inhorgenta-monaco-21-24-febbraio-2025\/\" \/>\n<meta property=\"og:locale\" content=\"it_IT\" \/>\n<meta property=\"og:type\" content=\"article\" \/>\n<meta property=\"og:title\" content=\"Salone Inhorgenta Monaco: 21 - 24 febbraio 2025\" \/>\n<meta property=\"og:description\" content=\"Inhorgenta non \u00e8 solo una fiera professionale, ma un vero crocevia in cui creativit\u00e0, artigianalit\u00e0 e innovazione si incontrano.\" \/>\n<meta property=\"og:url\" content=\"https:\/\/g-silver.com\/it\/blog\/salone-inhorgenta-monaco-21-24-febbraio-2025\/\" \/>\n<meta property=\"og:site_name\" content=\"G-Silver\" \/>\n<meta property=\"article:publisher\" content=\"https:\/\/www.facebook.com\/profile.php?id=100063277505032\" \/>\n<meta property=\"article:published_time\" content=\"2025-02-25T09:48:29+00:00\" \/>\n<meta property=\"article:modified_time\" content=\"2025-04-15T12:03:45+00:00\" \/>\n<meta property=\"og:image\" content=\"https:\/\/g-silver.com\/wp-content\/uploads\/2025\/03\/Blog_home_inhorgenta.jpg\" \/>\n\t<meta property=\"og:image:width\" content=\"657\" \/>\n\t<meta property=\"og:image:height\" content=\"452\" \/>\n\t<meta property=\"og:image:type\" content=\"image\/jpeg\" \/>\n<meta name=\"author\" content=\"Grace\" \/>\n<meta name=\"twitter:card\" content=\"summary_large_image\" \/>\n<meta name=\"twitter:label1\" content=\"Scritto da\" \/>\n\t<meta name=\"twitter:data1\" content=\"Grace\" \/>\n\t<meta name=\"twitter:label2\" content=\"Tempo di lettura stimato\" \/>\n\t<meta name=\"twitter:data2\" content=\"2 minuti\" \/>\n<script type=\"application\/ld+json\" class=\"yoast-schema-graph\">{\"@context\":\"https:\/\/schema.org\",\"@graph\":[{\"@type\":\"Article\",\"@id\":\"https:\/\/g-silver.com\/it\/blog\/salone-inhorgenta-monaco-21-24-febbraio-2025\/#article\",\"isPartOf\":{\"@id\":\"https:\/\/g-silver.com\/it\/blog\/salone-inhorgenta-monaco-21-24-febbraio-2025\/\"},\"author\":{\"name\":\"Grace\",\"@id\":\"https:\/\/g-silver.com\/#\/schema\/person\/332c33b916743109284a4474c917b43b\"},\"headline\":\"Salone Inhorgenta Monaco: 21 &#8211; 24 febbraio 2025\",\"datePublished\":\"2025-02-25T09:48:29+00:00\",\"dateModified\":\"2025-04-15T12:03:45+00:00\",\"mainEntityOfPage\":{\"@id\":\"https:\/\/g-silver.com\/it\/blog\/salone-inhorgenta-monaco-21-24-febbraio-2025\/\"},\"wordCount\":5,\"publisher\":{\"@id\":\"https:\/\/g-silver.com\/#organization\"},\"image\":{\"@id\":\"https:\/\/g-silver.com\/it\/blog\/salone-inhorgenta-monaco-21-24-febbraio-2025\/#primaryimage\"},\"thumbnailUrl\":\"https:\/\/g-silver.com\/wp-content\/uploads\/2025\/03\/Blog_home_inhorgenta.jpg\",\"articleSection\":[\"Blog\",\"FIERE ED EVENTI\"],\"inLanguage\":\"it-IT\"},{\"@type\":\"WebPage\",\"@id\":\"https:\/\/g-silver.com\/it\/blog\/salone-inhorgenta-monaco-21-24-febbraio-2025\/\",\"url\":\"https:\/\/g-silver.com\/it\/blog\/salone-inhorgenta-monaco-21-24-febbraio-2025\/\",\"name\":\"Salone Inhorgenta Monaco: 21 - 24 febbraio 2025\",\"isPartOf\":{\"@id\":\"https:\/\/g-silver.com\/#website\"},\"primaryImageOfPage\":{\"@id\":\"https:\/\/g-silver.com\/it\/blog\/salone-inhorgenta-monaco-21-24-febbraio-2025\/#primaryimage\"},\"image\":{\"@id\":\"https:\/\/g-silver.com\/it\/blog\/salone-inhorgenta-monaco-21-24-febbraio-2025\/#primaryimage\"},\"thumbnailUrl\":\"https:\/\/g-silver.com\/wp-content\/uploads\/2025\/03\/Blog_home_inhorgenta.jpg\",\"datePublished\":\"2025-02-25T09:48:29+00:00\",\"dateModified\":\"2025-04-15T12:03:45+00:00\",\"description\":\"Inhorgenta non \u00e8 solo una fiera professionale, ma un vero crocevia in cui creativit\u00e0, artigianalit\u00e0 e innovazione si incontrano.\",\"breadcrumb\":{\"@id\":\"https:\/\/g-silver.com\/it\/blog\/salone-inhorgenta-monaco-21-24-febbraio-2025\/#breadcrumb\"},\"inLanguage\":\"it-IT\",\"potentialAction\":[{\"@type\":\"ReadAction\",\"target\":[\"https:\/\/g-silver.com\/it\/blog\/salone-inhorgenta-monaco-21-24-febbraio-2025\/\"]}]},{\"@type\":\"ImageObject\",\"inLanguage\":\"it-IT\",\"@id\":\"https:\/\/g-silver.com\/it\/blog\/salone-inhorgenta-monaco-21-24-febbraio-2025\/#primaryimage\",\"url\":\"https:\/\/g-silver.com\/wp-content\/uploads\/2025\/03\/Blog_home_inhorgenta.jpg\",\"contentUrl\":\"https:\/\/g-silver.com\/wp-content\/uploads\/2025\/03\/Blog_home_inhorgenta.jpg\",\"width\":657,\"height\":452,\"caption\":\"Un participant au salon Inhorgenta Messe Munich 2025 pr\u00e9sentant un bijou exclusif.\"},{\"@type\":\"BreadcrumbList\",\"@id\":\"https:\/\/g-silver.com\/it\/blog\/salone-inhorgenta-monaco-21-24-febbraio-2025\/#breadcrumb\",\"itemListElement\":[{\"@type\":\"ListItem\",\"position\":1,\"name\":\"Home\",\"item\":\"https:\/\/g-silver.com\/it\/\"},{\"@type\":\"ListItem\",\"position\":2,\"name\":\"Blog\",\"item\":\"https:\/\/g-silver.com\/category\/blog-fr\/\"},{\"@type\":\"ListItem\",\"position\":3,\"name\":\"Salone Inhorgenta Monaco: 21 &#8211; 24 febbraio 2025\"}]},{\"@type\":\"WebSite\",\"@id\":\"https:\/\/g-silver.com\/#website\",\"url\":\"https:\/\/g-silver.com\/\",\"name\":\"G-Silver\",\"description\":\"\",\"publisher\":{\"@id\":\"https:\/\/g-silver.com\/#organization\"},\"potentialAction\":[{\"@type\":\"SearchAction\",\"target\":{\"@type\":\"EntryPoint\",\"urlTemplate\":\"https:\/\/g-silver.com\/?s={search_term_string}\"},\"query-input\":{\"@type\":\"PropertyValueSpecification\",\"valueRequired\":true,\"valueName\":\"search_term_string\"}}],\"inLanguage\":\"it-IT\"},{\"@type\":\"Organization\",\"@id\":\"https:\/\/g-silver.com\/#organization\",\"name\":\"G-Silver\",\"url\":\"https:\/\/g-silver.com\/\",\"logo\":{\"@type\":\"ImageObject\",\"inLanguage\":\"it-IT\",\"@id\":\"https:\/\/g-silver.com\/#\/schema\/logo\/image\/\",\"url\":\"https:\/\/g-silver.com\/wp-content\/uploads\/2025\/03\/G-Silver__Short-Logo.jpg\",\"contentUrl\":\"https:\/\/g-silver.com\/wp-content\/uploads\/2025\/03\/G-Silver__Short-Logo.jpg\",\"width\":1182,\"height\":1182,\"caption\":\"G-Silver\"},\"image\":{\"@id\":\"https:\/\/g-silver.com\/#\/schema\/logo\/image\/\"},\"sameAs\":[\"https:\/\/www.facebook.com\/profile.php?id=100063277505032\",\"https:\/\/www.instagram.com\/g_silver_com\/\"]},{\"@type\":\"Person\",\"@id\":\"https:\/\/g-silver.com\/#\/schema\/person\/332c33b916743109284a4474c917b43b\",\"name\":\"Grace\",\"image\":{\"@type\":\"ImageObject\",\"inLanguage\":\"it-IT\",\"@id\":\"https:\/\/g-silver.com\/#\/schema\/person\/image\/\",\"url\":\"https:\/\/secure.gravatar.com\/avatar\/9c2905d5619b55992a158afebe16e63c5f223c143a218824c4ca23ff695ca186?s=96&d=mm&r=g\",\"contentUrl\":\"https:\/\/secure.gravatar.com\/avatar\/9c2905d5619b55992a158afebe16e63c5f223c143a218824c4ca23ff695ca186?s=96&d=mm&r=g\",\"caption\":\"Grace\"}}]}<\/script>\n<!-- \/ Yoast SEO Premium plugin. -->","yoast_head_json":{"title":"Salone Inhorgenta Monaco: 21 - 24 febbraio 2025","description":"Inhorgenta non \u00e8 solo una fiera professionale, ma un vero crocevia in cui creativit\u00e0, artigianalit\u00e0 e innovazione si incontrano.","robots":{"index":"index","follow":"follow","max-snippet":"max-snippet:-1","max-image-preview":"max-image-preview:large","max-video-preview":"max-video-preview:-1"},"canonical":"https:\/\/g-silver.com\/it\/blog\/salone-inhorgenta-monaco-21-24-febbraio-2025\/","og_locale":"it_IT","og_type":"article","og_title":"Salone Inhorgenta Monaco: 21 - 24 febbraio 2025","og_description":"Inhorgenta non \u00e8 solo una fiera professionale, ma un vero crocevia in cui creativit\u00e0, artigianalit\u00e0 e innovazione si incontrano.","og_url":"https:\/\/g-silver.com\/it\/blog\/salone-inhorgenta-monaco-21-24-febbraio-2025\/","og_site_name":"G-Silver","article_publisher":"https:\/\/www.facebook.com\/profile.php?id=100063277505032","article_published_time":"2025-02-25T09:48:29+00:00","article_modified_time":"2025-04-15T12:03:45+00:00","og_image":[{"width":657,"height":452,"url":"https:\/\/g-silver.com\/wp-content\/uploads\/2025\/03\/Blog_home_inhorgenta.jpg","type":"image\/jpeg"}],"author":"Grace","twitter_card":"summary_large_image","twitter_misc":{"Scritto da":"Grace","Tempo di lettura stimato":"2 minuti"},"schema":{"@context":"https:\/\/schema.org","@graph":[{"@type":"Article","@id":"https:\/\/g-silver.com\/it\/blog\/salone-inhorgenta-monaco-21-24-febbraio-2025\/#article","isPartOf":{"@id":"https:\/\/g-silver.com\/it\/blog\/salone-inhorgenta-monaco-21-24-febbraio-2025\/"},"author":{"name":"Grace","@id":"https:\/\/g-silver.com\/#\/schema\/person\/332c33b916743109284a4474c917b43b"},"headline":"Salone Inhorgenta Monaco: 21 &#8211; 24 febbraio 2025","datePublished":"2025-02-25T09:48:29+00:00","dateModified":"2025-04-15T12:03:45+00:00","mainEntityOfPage":{"@id":"https:\/\/g-silver.com\/it\/blog\/salone-inhorgenta-monaco-21-24-febbraio-2025\/"},"wordCount":5,"publisher":{"@id":"https:\/\/g-silver.com\/#organization"},"image":{"@id":"https:\/\/g-silver.com\/it\/blog\/salone-inhorgenta-monaco-21-24-febbraio-2025\/#primaryimage"},"thumbnailUrl":"https:\/\/g-silver.com\/wp-content\/uploads\/2025\/03\/Blog_home_inhorgenta.jpg","articleSection":["Blog","FIERE ED EVENTI"],"inLanguage":"it-IT"},{"@type":"WebPage","@id":"https:\/\/g-silver.com\/it\/blog\/salone-inhorgenta-monaco-21-24-febbraio-2025\/","url":"https:\/\/g-silver.com\/it\/blog\/salone-inhorgenta-monaco-21-24-febbraio-2025\/","name":"Salone Inhorgenta Monaco: 21 - 24 febbraio 2025","isPartOf":{"@id":"https:\/\/g-silver.com\/#website"},"primaryImageOfPage":{"@id":"https:\/\/g-silver.com\/it\/blog\/salone-inhorgenta-monaco-21-24-febbraio-2025\/#primaryimage"},"image":{"@id":"https:\/\/g-silver.com\/it\/blog\/salone-inhorgenta-monaco-21-24-febbraio-2025\/#primaryimage"},"thumbnailUrl":"https:\/\/g-silver.com\/wp-content\/uploads\/2025\/03\/Blog_home_inhorgenta.jpg","datePublished":"2025-02-25T09:48:29+00:00","dateModified":"2025-04-15T12:03:45+00:00","description":"Inhorgenta non \u00e8 solo una fiera professionale, ma un vero crocevia in cui creativit\u00e0, artigianalit\u00e0 e innovazione si incontrano.","breadcrumb":{"@id":"https:\/\/g-silver.com\/it\/blog\/salone-inhorgenta-monaco-21-24-febbraio-2025\/#breadcrumb"},"inLanguage":"it-IT","potentialAction":[{"@type":"ReadAction","target":["https:\/\/g-silver.com\/it\/blog\/salone-inhorgenta-monaco-21-24-febbraio-2025\/"]}]},{"@type":"ImageObject","inLanguage":"it-IT","@id":"https:\/\/g-silver.com\/it\/blog\/salone-inhorgenta-monaco-21-24-febbraio-2025\/#primaryimage","url":"https:\/\/g-silver.com\/wp-content\/uploads\/2025\/03\/Blog_home_inhorgenta.jpg","contentUrl":"https:\/\/g-silver.com\/wp-content\/uploads\/2025\/03\/Blog_home_inhorgenta.jpg","width":657,"height":452,"caption":"Un participant au salon Inhorgenta Messe Munich 2025 pr\u00e9sentant un bijou exclusif."},{"@type":"BreadcrumbList","@id":"https:\/\/g-silver.com\/it\/blog\/salone-inhorgenta-monaco-21-24-febbraio-2025\/#breadcrumb","itemListElement":[{"@type":"ListItem","position":1,"name":"Home","item":"https:\/\/g-silver.com\/it\/"},{"@type":"ListItem","position":2,"name":"Blog","item":"https:\/\/g-silver.com\/category\/blog-fr\/"},{"@type":"ListItem","position":3,"name":"Salone Inhorgenta Monaco: 21 &#8211; 24 febbraio 2025"}]},{"@type":"WebSite","@id":"https:\/\/g-silver.com\/#website","url":"https:\/\/g-silver.com\/","name":"G-Silver","description":"","publisher":{"@id":"https:\/\/g-silver.com\/#organization"},"potentialAction":[{"@type":"SearchAction","target":{"@type":"EntryPoint","urlTemplate":"https:\/\/g-silver.com\/?s={search_term_string}"},"query-input":{"@type":"PropertyValueSpecification","valueRequired":true,"valueName":"search_term_string"}}],"inLanguage":"it-IT"},{"@type":"Organization","@id":"https:\/\/g-silver.com\/#organization","name":"G-Silver","url":"https:\/\/g-silver.com\/","logo":{"@type":"ImageObject","inLanguage":"it-IT","@id":"https:\/\/g-silver.com\/#\/schema\/logo\/image\/","url":"https:\/\/g-silver.com\/wp-content\/uploads\/2025\/03\/G-Silver__Short-Logo.jpg","contentUrl":"https:\/\/g-silver.com\/wp-content\/uploads\/2025\/03\/G-Silver__Short-Logo.jpg","width":1182,"height":1182,"caption":"G-Silver"},"image":{"@id":"https:\/\/g-silver.com\/#\/schema\/logo\/image\/"},"sameAs":["https:\/\/www.facebook.com\/profile.php?id=100063277505032","https:\/\/www.instagram.com\/g_silver_com\/"]},{"@type":"Person","@id":"https:\/\/g-silver.com\/#\/schema\/person\/332c33b916743109284a4474c917b43b","name":"Grace","image":{"@type":"ImageObject","inLanguage":"it-IT","@id":"https:\/\/g-silver.com\/#\/schema\/person\/image\/","url":"https:\/\/secure.gravatar.com\/avatar\/9c2905d5619b55992a158afebe16e63c5f223c143a218824c4ca23ff695ca186?s=96&d=mm&r=g","contentUrl":"https:\/\/secure.gravatar.com\/avatar\/9c2905d5619b55992a158afebe16e63c5f223c143a218824c4ca23ff695ca186?s=96&d=mm&r=g","caption":"Grace"}}]}},"_links":{"self":[{"href":"https:\/\/g-silver.com\/it\/wp-json\/wp\/v2\/posts\/83155","targetHints":{"allow":["GET"]}}],"collection":[{"href":"https:\/\/g-silver.com\/it\/wp-json\/wp\/v2\/posts"}],"about":[{"href":"https:\/\/g-silver.com\/it\/wp-json\/wp\/v2\/types\/post"}],"author":[{"embeddable":true,"href":"https:\/\/g-silver.com\/it\/wp-json\/wp\/v2\/users\/33008"}],"replies":[{"embeddable":true,"href":"https:\/\/g-silver.com\/it\/wp-json\/wp\/v2\/comments?post=83155"}],"version-history":[{"count":1,"href":"https:\/\/g-silver.com\/it\/wp-json\/wp\/v2\/posts\/83155\/revisions"}],"predecessor-version":[{"id":83156,"href":"https:\/\/g-silver.com\/it\/wp-json\/wp\/v2\/posts\/83155\/revisions\/83156"}],"wp:featuredmedia":[{"embeddable":true,"href":"https:\/\/g-silver.com\/it\/wp-json\/wp\/v2\/media\/82988"}],"wp:attachment":[{"href":"https:\/\/g-silver.com\/it\/wp-json\/wp\/v2\/media?parent=83155"}],"wp:term":[{"taxonomy":"category","embeddable":true,"href":"https:\/\/g-silver.com\/it\/wp-json\/wp\/v2\/categories?post=83155"},{"taxonomy":"post_tag","embeddable":true,"href":"https:\/\/g-silver.com\/it\/wp-json\/wp\/v2\/tags?post=83155"}],"curies":[{"name":"wp","href":"https:\/\/api.w.org\/{rel}","templated":true}]}}