{"id":83291,"date":"2024-09-11T12:53:41","date_gmt":"2024-09-11T10:53:41","guid":{"rendered":"https:\/\/g-silver.com\/?p=83291"},"modified":"2025-05-06T14:51:08","modified_gmt":"2025-05-06T12:51:08","slug":"salon-bijorhca-paris-8-10-septembre-2024","status":"publish","type":"post","link":"https:\/\/g-silver.com\/it\/fiere-ed-eventi\/salon-bijorhca-paris-8-10-septembre-2024\/","title":{"rendered":"Salon Bijorhca Paris :\u00a0 8 &#8211; 10 septembre 2024"},"content":{"rendered":"\n<div class=\"wp-block-columns is-layout-flex wp-container-core-columns-is-layout-9d6595d7 wp-block-columns-is-layout-flex\">\n<div class=\"wp-block-column is-layout-flow wp-block-column-is-layout-flow\" style=\"flex-basis:100%\"><\/div>\n<\/div>\n\n\n<div class=\"fascia-articolo-titolo-testo\">\n    <div class=\"fascia-articolo-titolo-testo__inner\">\n\n    <span class=\"title\">Un\u2019esperienza indimenticabile nel cuore della creazione di gioielli<\/span>\n    <div class=\"testo\"> <p>Dall\u20198 al 10 settembre, <strong>G Silver<\/strong> ha avuto il piacere di vivere un\u2019esperienza unica, completamente immersa nell\u2019universo della moda e della gioielleria, in occasione del <strong>Salone Bijorhca<\/strong> di Parigi. Un evento imperdibile per tutti gli operatori del settore della bigiotteria e della creazione orafa.<\/p>\n<p>&nbsp;<\/p>\n<p>La fiera si \u00e8 svolta alle porte di Versailles, nel cuore della Ville Lumi\u00e8re, capitale della moda francese e punto di riferimento internazionale per stile, tendenze e innovazione.<\/p>\n<\/div>\n\n    <\/div>\n<\/div>\n\n<div class=\"wp-block-image\">\n<figure class=\"aligncenter size-full\"><a href=\"https:\/\/g-silver.com\/wp-content\/uploads\/2025\/03\/populaire-stand-gsilver.jpg\"><img loading=\"lazy\" decoding=\"async\" width=\"763\" height=\"621\" src=\"https:\/\/g-silver.com\/wp-content\/uploads\/2025\/03\/populaire-stand-gsilver.jpg\" alt=\"\" class=\"wp-image-83279\" srcset=\"https:\/\/g-silver.com\/wp-content\/uploads\/2025\/03\/populaire-stand-gsilver.jpg 763w, https:\/\/g-silver.com\/wp-content\/uploads\/2025\/03\/populaire-stand-gsilver-300x244.jpg 300w, https:\/\/g-silver.com\/wp-content\/uploads\/2025\/03\/populaire-stand-gsilver-600x488.jpg 600w\" sizes=\"auto, (max-width: 763px) 100vw, 763px\" \/><\/a><\/figure><\/div>\n\n<div class=\"fascia-articolo-titolo-testo\">\n    <div class=\"fascia-articolo-titolo-testo__inner\">\n\n    <span class=\"title\">Un incontro prezioso con i professionisti del settore<\/span>\n    <div class=\"testo\"> <p><strong>Bijorhca<\/strong> rappresenta un\u2019opportunit\u00e0 eccezionale per incontrare e dialogare con creatori, artigiani e appassionati del mondo del gioiello. Un luogo dove si ritrovano tutti, uniti dall\u2019amore per la gioielleria e l\u2019innovazione.<\/p>\n<p>&nbsp;<\/p>\n<p><strong>G-Silver<\/strong> ha avuto il piacere di presentare in anteprima le sue nuove collezioni in <strong>argento 925<\/strong>, rigorosamente realizzate con <strong>argento riciclato<\/strong> e non proveniente da miniere, confermando il proprio impegno per una gioielleria responsabile, etica e sostenibile.<\/p>\n<\/div>\n\n    <\/div>\n<\/div>\n\n<div class=\"fascia-articolo-titolo-testo\">\n    <div class=\"fascia-articolo-titolo-testo__inner\">\n\n    <span class=\"title\">Un evento dinamico e profondamente ispirante<\/span>\n    <div class=\"testo\"> <p>La fiera <strong>Bijorhca<\/strong> \u00e8 molto pi\u00f9 di un semplice spazio espositivo: \u00e8 un vero e proprio cuore pulsante di innovazione, dove prendono vita le tendenze del futuro.<\/p>\n<p>&nbsp;<\/p>\n<p>Quest\u2019anno, <strong>G-Silver<\/strong> si \u00e8 lasciata particolarmente ispirare dalle nuove tecniche di fabbricazione, dagli scambi con i nostri partner e dall\u2019energia creativa ed effervescente che ha animato tutti gli espositori.<\/p>\n<p>&nbsp;<\/p>\n<p>Un sentito ringraziamento va alla BOCI, che sostiene e incoraggia i professionisti del settore della gioielleria e ha contribuito a rendere questo weekend un evento di grande successo.<\/p>\n<\/div>\n\n    <\/div>\n<\/div>\n\n\n<figure class=\"wp-block-gallery has-nested-images columns-default is-cropped wp-block-gallery-1 is-layout-flex wp-block-gallery-is-layout-flex\">\n<figure class=\"wp-block-image size-full\"><a href=\"https:\/\/g-silver.com\/wp-content\/uploads\/2025\/03\/bracelet-boucles-d-oreilles.jpg\"><img loading=\"lazy\" decoding=\"async\" width=\"763\" height=\"621\" data-id=\"83283\" src=\"https:\/\/g-silver.com\/wp-content\/uploads\/2025\/03\/bracelet-boucles-d-oreilles.jpg\" alt=\"\" class=\"wp-image-83283\" srcset=\"https:\/\/g-silver.com\/wp-content\/uploads\/2025\/03\/bracelet-boucles-d-oreilles.jpg 763w, https:\/\/g-silver.com\/wp-content\/uploads\/2025\/03\/bracelet-boucles-d-oreilles-300x244.jpg 300w, https:\/\/g-silver.com\/wp-content\/uploads\/2025\/03\/bracelet-boucles-d-oreilles-600x488.jpg 600w\" sizes=\"auto, (max-width: 763px) 100vw, 763px\" \/><\/a><\/figure>\n\n\n\n<figure class=\"wp-block-image size-full\"><a href=\"https:\/\/g-silver.com\/wp-content\/uploads\/2025\/03\/creoles-argent-recycle.jpg\"><img loading=\"lazy\" decoding=\"async\" width=\"763\" height=\"621\" data-id=\"83275\" src=\"https:\/\/g-silver.com\/wp-content\/uploads\/2025\/03\/creoles-argent-recycle.jpg\" alt=\"\" class=\"wp-image-83275\" srcset=\"https:\/\/g-silver.com\/wp-content\/uploads\/2025\/03\/creoles-argent-recycle.jpg 763w, https:\/\/g-silver.com\/wp-content\/uploads\/2025\/03\/creoles-argent-recycle-300x244.jpg 300w, https:\/\/g-silver.com\/wp-content\/uploads\/2025\/03\/creoles-argent-recycle-600x488.jpg 600w\" sizes=\"auto, (max-width: 763px) 100vw, 763px\" \/><\/a><\/figure>\n<\/figure>\n\n\n<div class=\"fascia-articolo-titolo-testo\">\n    <div class=\"fascia-articolo-titolo-testo__inner\">\n\n    <span class=\"title\">Un\u2019avventura che continua<\/span>\n    <div class=\"testo\"> <p>Se non avete ancora avuto l\u2019occasione di incontrarci, non esitate a contattarci per conoscerci meglio e scoprire tutti i servizi che <strong>G-Silver<\/strong> offre.<\/p>\n<p>&nbsp;<\/p>\n<p>La nostra missione \u00e8 accompagnarvi nella creazione, spingendoci sempre pi\u00f9 lontano per realizzare i vostri progetti, proponendo soluzioni personalizzate e su misura delle vostre esigenze.<\/p>\n<p>&nbsp;<\/p>\n<p>Da oltre 16 anni, ci impegniamo a proporre un gioiello che non sia solo bello, ma che trasmetta un significato autentico.<\/p>\n<p>&nbsp;<\/p>\n<p>Grazie di cuore a tutti coloro che sono passati a trovarci: ci avete lasciato qualcosa di speciale, rendendo le nostre giornate pi\u00f9 ricche e ispiranti.<\/p>\n<p>&nbsp;<\/p>\n<p>A presto, per nuovi appuntamenti nel mondo della moda e della gioielleria!<\/p>\n<\/div>\n\n    <\/div>\n<\/div>\n\n<div class=\"fascia-articolo-titolo-testo\">\n    <div class=\"fascia-articolo-titolo-testo__inner\">\n\n    <span class=\"title\">Seguici<\/span>\n    <div class=\"testo\"> <\/div>\n\n    <\/div>\n<\/div>\n\n\n<ul class=\"wp-block-social-links alignleft has-normal-icon-size is-horizontal is-content-justification-left is-nowrap is-layout-flex wp-container-core-social-links-is-layout-8e8a235c wp-block-social-links-is-layout-flex\"><li class=\"wp-social-link wp-social-link-instagram  wp-block-social-link\"><a rel=\"noopener nofollow\" target=\"_blank\" href=\"https:\/\/www.instagram.com\/g_silver_com\/\" class=\"wp-block-social-link-anchor\"><svg width=\"24\" height=\"24\" viewBox=\"0 0 24 24\" version=\"1.1\" xmlns=\"http:\/\/www.w3.org\/2000\/svg\" aria-hidden=\"true\" focusable=\"false\"><path d=\"M12,4.622c2.403,0,2.688,0.009,3.637,0.052c0.877,0.04,1.354,0.187,1.671,0.31c0.42,0.163,0.72,0.358,1.035,0.673 c0.315,0.315,0.51,0.615,0.673,1.035c0.123,0.317,0.27,0.794,0.31,1.671c0.043,0.949,0.052,1.234,0.052,3.637 s-0.009,2.688-0.052,3.637c-0.04,0.877-0.187,1.354-0.31,1.671c-0.163,0.42-0.358,0.72-0.673,1.035 c-0.315,0.315-0.615,0.51-1.035,0.673c-0.317,0.123-0.794,0.27-1.671,0.31c-0.949,0.043-1.233,0.052-3.637,0.052 s-2.688-0.009-3.637-0.052c-0.877-0.04-1.354-0.187-1.671-0.31c-0.42-0.163-0.72-0.358-1.035-0.673 c-0.315-0.315-0.51-0.615-0.673-1.035c-0.123-0.317-0.27-0.794-0.31-1.671C4.631,14.688,4.622,14.403,4.622,12 s0.009-2.688,0.052-3.637c0.04-0.877,0.187-1.354,0.31-1.671c0.163-0.42,0.358-0.72,0.673-1.035 c0.315-0.315,0.615-0.51,1.035-0.673c0.317-0.123,0.794-0.27,1.671-0.31C9.312,4.631,9.597,4.622,12,4.622 M12,3 C9.556,3,9.249,3.01,8.289,3.054C7.331,3.098,6.677,3.25,6.105,3.472C5.513,3.702,5.011,4.01,4.511,4.511 c-0.5,0.5-0.808,1.002-1.038,1.594C3.25,6.677,3.098,7.331,3.054,8.289C3.01,9.249,3,9.556,3,12c0,2.444,0.01,2.751,0.054,3.711 c0.044,0.958,0.196,1.612,0.418,2.185c0.23,0.592,0.538,1.094,1.038,1.594c0.5,0.5,1.002,0.808,1.594,1.038 c0.572,0.222,1.227,0.375,2.185,0.418C9.249,20.99,9.556,21,12,21s2.751-0.01,3.711-0.054c0.958-0.044,1.612-0.196,2.185-0.418 c0.592-0.23,1.094-0.538,1.594-1.038c0.5-0.5,0.808-1.002,1.038-1.594c0.222-0.572,0.375-1.227,0.418-2.185 C20.99,14.751,21,14.444,21,12s-0.01-2.751-0.054-3.711c-0.044-0.958-0.196-1.612-0.418-2.185c-0.23-0.592-0.538-1.094-1.038-1.594 c-0.5-0.5-1.002-0.808-1.594-1.038c-0.572-0.222-1.227-0.375-2.185-0.418C14.751,3.01,14.444,3,12,3L12,3z M12,7.378 c-2.552,0-4.622,2.069-4.622,4.622S9.448,16.622,12,16.622s4.622-2.069,4.622-4.622S14.552,7.378,12,7.378z M12,15 c-1.657,0-3-1.343-3-3s1.343-3,3-3s3,1.343,3,3S13.657,15,12,15z M16.804,6.116c-0.596,0-1.08,0.484-1.08,1.08 s0.484,1.08,1.08,1.08c0.596,0,1.08-0.484,1.08-1.08S17.401,6.116,16.804,6.116z\"><\/path><\/svg><span class=\"wp-block-social-link-label screen-reader-text\">Instagram<\/span><\/a><\/li>\n\n<li class=\"wp-social-link wp-social-link-linkedin  wp-block-social-link\"><a rel=\"noopener nofollow\" target=\"_blank\" href=\"https:\/\/fr.linkedin.com\/company\/gsilverdistributeurdappretsargent925\" class=\"wp-block-social-link-anchor\"><svg width=\"24\" height=\"24\" viewBox=\"0 0 24 24\" version=\"1.1\" xmlns=\"http:\/\/www.w3.org\/2000\/svg\" aria-hidden=\"true\" focusable=\"false\"><path d=\"M19.7,3H4.3C3.582,3,3,3.582,3,4.3v15.4C3,20.418,3.582,21,4.3,21h15.4c0.718,0,1.3-0.582,1.3-1.3V4.3 C21,3.582,20.418,3,19.7,3z M8.339,18.338H5.667v-8.59h2.672V18.338z M7.004,8.574c-0.857,0-1.549-0.694-1.549-1.548 c0-0.855,0.691-1.548,1.549-1.548c0.854,0,1.547,0.694,1.547,1.548C8.551,7.881,7.858,8.574,7.004,8.574z M18.339,18.338h-2.669 v-4.177c0-0.996-0.017-2.278-1.387-2.278c-1.389,0-1.601,1.086-1.601,2.206v4.249h-2.667v-8.59h2.559v1.174h0.037 c0.356-0.675,1.227-1.387,2.526-1.387c2.703,0,3.203,1.779,3.203,4.092V18.338z\"><\/path><\/svg><span class=\"wp-block-social-link-label screen-reader-text\">LinkedIn<\/span><\/a><\/li>\n\n<li class=\"wp-social-link wp-social-link-mail  wp-block-social-link\"><a rel=\"noopener nofollow\" target=\"_blank\" href=\"mailto:s&#117;&#112;po&#114;&#116;&#064;g-&#115;&#105;&#108;v&#101;r.&#099;&#111;&#109;\" class=\"wp-block-social-link-anchor\"><svg width=\"24\" height=\"24\" viewBox=\"0 0 24 24\" version=\"1.1\" xmlns=\"http:\/\/www.w3.org\/2000\/svg\" aria-hidden=\"true\" focusable=\"false\"><path d=\"M19,5H5c-1.1,0-2,.9-2,2v10c0,1.1.9,2,2,2h14c1.1,0,2-.9,2-2V7c0-1.1-.9-2-2-2zm.5,12c0,.3-.2.5-.5.5H5c-.3,0-.5-.2-.5-.5V9.8l7.5,5.6,7.5-5.6V17zm0-9.1L12,13.6,4.5,7.9V7c0-.3.2-.5.5-.5h14c.3,0,.5.2.5.5v.9z\"><\/path><\/svg><span class=\"wp-block-social-link-label screen-reader-text\">Mail<\/span><\/a><\/li><\/ul>\n","protected":false},"excerpt":{"rendered":"","protected":false},"author":33008,"featured_media":83274,"comment_status":"closed","ping_status":"closed","sticky":false,"template":"","format":"standard","meta":{"_acf_changed":false,"footnotes":""},"categories":[3514,4738],"tags":[],"class_list":["post-83291","post","type-post","status-publish","format-standard","has-post-thumbnail","hentry","category-blog","category-fiere-ed-eventi"],"acf":[],"yoast_head":"<!-- This site is optimized with the Yoast SEO Premium plugin v26.6 (Yoast SEO v26.6) - https:\/\/yoast.com\/wordpress\/plugins\/seo\/ -->\n<title>Salon Bijorhca Paris :\u00a0 8 - 10 septembre 2024<\/title>\n<meta name=\"description\" content=\"Abbiamo avuto il piacere di vivere un&#039;esperienza nell\u2019universo della moda e della gioielleria, in occasione del Salone Bijorhca di Parigi.\" \/>\n<meta name=\"robots\" content=\"index, follow, max-snippet:-1, max-image-preview:large, max-video-preview:-1\" \/>\n<link rel=\"canonical\" href=\"https:\/\/g-silver.com\/it\/fiere-ed-eventi\/salon-bijorhca-paris-8-10-septembre-2024\/\" \/>\n<meta property=\"og:locale\" content=\"it_IT\" \/>\n<meta property=\"og:type\" content=\"article\" \/>\n<meta property=\"og:title\" content=\"Salon Bijorhca Paris :\u00a0 8 - 10 septembre 2024\" \/>\n<meta property=\"og:description\" content=\"Abbiamo avuto il piacere di vivere un&#039;esperienza nell\u2019universo della moda e della gioielleria, in occasione del Salone Bijorhca di Parigi.\" \/>\n<meta property=\"og:url\" content=\"https:\/\/g-silver.com\/it\/fiere-ed-eventi\/salon-bijorhca-paris-8-10-septembre-2024\/\" \/>\n<meta property=\"og:site_name\" content=\"G-Silver\" \/>\n<meta property=\"article:publisher\" content=\"https:\/\/www.facebook.com\/profile.php?id=100063277505032\" \/>\n<meta property=\"article:published_time\" content=\"2024-09-11T10:53:41+00:00\" \/>\n<meta property=\"article:modified_time\" content=\"2025-05-06T12:51:08+00:00\" \/>\n<meta property=\"og:image\" content=\"https:\/\/g-silver.com\/wp-content\/uploads\/2025\/03\/Blog_home_bijorhca.jpg\" \/>\n\t<meta property=\"og:image:width\" content=\"657\" \/>\n\t<meta property=\"og:image:height\" content=\"452\" \/>\n\t<meta property=\"og:image:type\" content=\"image\/jpeg\" \/>\n<meta name=\"author\" content=\"Grace\" \/>\n<meta name=\"twitter:card\" content=\"summary_large_image\" \/>\n<meta name=\"twitter:label1\" content=\"Scritto da\" \/>\n\t<meta name=\"twitter:data1\" content=\"Grace\" \/>\n\t<meta name=\"twitter:label2\" content=\"Tempo di lettura stimato\" \/>\n\t<meta name=\"twitter:data2\" content=\"1 minuto\" \/>\n<script type=\"application\/ld+json\" class=\"yoast-schema-graph\">{\"@context\":\"https:\/\/schema.org\",\"@graph\":[{\"@type\":\"Article\",\"@id\":\"https:\/\/g-silver.com\/it\/fiere-ed-eventi\/salon-bijorhca-paris-8-10-septembre-2024\/#article\",\"isPartOf\":{\"@id\":\"https:\/\/g-silver.com\/it\/fiere-ed-eventi\/salon-bijorhca-paris-8-10-septembre-2024\/\"},\"author\":{\"name\":\"Grace\",\"@id\":\"https:\/\/g-silver.com\/#\/schema\/person\/332c33b916743109284a4474c917b43b\"},\"headline\":\"Salon Bijorhca Paris :\u00a0 8 &#8211; 10 septembre 2024\",\"datePublished\":\"2024-09-11T10:53:41+00:00\",\"dateModified\":\"2025-05-06T12:51:08+00:00\",\"mainEntityOfPage\":{\"@id\":\"https:\/\/g-silver.com\/it\/fiere-ed-eventi\/salon-bijorhca-paris-8-10-septembre-2024\/\"},\"wordCount\":5,\"publisher\":{\"@id\":\"https:\/\/g-silver.com\/#organization\"},\"image\":{\"@id\":\"https:\/\/g-silver.com\/it\/fiere-ed-eventi\/salon-bijorhca-paris-8-10-septembre-2024\/#primaryimage\"},\"thumbnailUrl\":\"https:\/\/g-silver.com\/wp-content\/uploads\/2025\/03\/Blog_home_bijorhca.jpg\",\"articleSection\":[\"Blog\",\"FIERE ED EVENTI\"],\"inLanguage\":\"it-IT\"},{\"@type\":\"WebPage\",\"@id\":\"https:\/\/g-silver.com\/it\/fiere-ed-eventi\/salon-bijorhca-paris-8-10-septembre-2024\/\",\"url\":\"https:\/\/g-silver.com\/it\/fiere-ed-eventi\/salon-bijorhca-paris-8-10-septembre-2024\/\",\"name\":\"Salon Bijorhca Paris :\u00a0 8 - 10 septembre 2024\",\"isPartOf\":{\"@id\":\"https:\/\/g-silver.com\/#website\"},\"primaryImageOfPage\":{\"@id\":\"https:\/\/g-silver.com\/it\/fiere-ed-eventi\/salon-bijorhca-paris-8-10-septembre-2024\/#primaryimage\"},\"image\":{\"@id\":\"https:\/\/g-silver.com\/it\/fiere-ed-eventi\/salon-bijorhca-paris-8-10-septembre-2024\/#primaryimage\"},\"thumbnailUrl\":\"https:\/\/g-silver.com\/wp-content\/uploads\/2025\/03\/Blog_home_bijorhca.jpg\",\"datePublished\":\"2024-09-11T10:53:41+00:00\",\"dateModified\":\"2025-05-06T12:51:08+00:00\",\"description\":\"Abbiamo avuto il piacere di vivere un'esperienza nell\u2019universo della moda e della gioielleria, in occasione del Salone Bijorhca di Parigi.\",\"breadcrumb\":{\"@id\":\"https:\/\/g-silver.com\/it\/fiere-ed-eventi\/salon-bijorhca-paris-8-10-septembre-2024\/#breadcrumb\"},\"inLanguage\":\"it-IT\",\"potentialAction\":[{\"@type\":\"ReadAction\",\"target\":[\"https:\/\/g-silver.com\/it\/fiere-ed-eventi\/salon-bijorhca-paris-8-10-septembre-2024\/\"]}]},{\"@type\":\"ImageObject\",\"inLanguage\":\"it-IT\",\"@id\":\"https:\/\/g-silver.com\/it\/fiere-ed-eventi\/salon-bijorhca-paris-8-10-septembre-2024\/#primaryimage\",\"url\":\"https:\/\/g-silver.com\/wp-content\/uploads\/2025\/03\/Blog_home_bijorhca.jpg\",\"contentUrl\":\"https:\/\/g-silver.com\/wp-content\/uploads\/2025\/03\/Blog_home_bijorhca.jpg\",\"width\":657,\"height\":452},{\"@type\":\"BreadcrumbList\",\"@id\":\"https:\/\/g-silver.com\/it\/fiere-ed-eventi\/salon-bijorhca-paris-8-10-septembre-2024\/#breadcrumb\",\"itemListElement\":[{\"@type\":\"ListItem\",\"position\":1,\"name\":\"Home\",\"item\":\"https:\/\/g-silver.com\/it\/\"},{\"@type\":\"ListItem\",\"position\":2,\"name\":\"FIERE ED EVENTI\",\"item\":\"https:\/\/g-silver.com\/it\/category\/fiere-ed-eventi\/\"},{\"@type\":\"ListItem\",\"position\":3,\"name\":\"Salon Bijorhca Paris :\u00a0 8 &#8211; 10 septembre 2024\"}]},{\"@type\":\"WebSite\",\"@id\":\"https:\/\/g-silver.com\/#website\",\"url\":\"https:\/\/g-silver.com\/\",\"name\":\"G-Silver\",\"description\":\"\",\"publisher\":{\"@id\":\"https:\/\/g-silver.com\/#organization\"},\"potentialAction\":[{\"@type\":\"SearchAction\",\"target\":{\"@type\":\"EntryPoint\",\"urlTemplate\":\"https:\/\/g-silver.com\/?s={search_term_string}\"},\"query-input\":{\"@type\":\"PropertyValueSpecification\",\"valueRequired\":true,\"valueName\":\"search_term_string\"}}],\"inLanguage\":\"it-IT\"},{\"@type\":\"Organization\",\"@id\":\"https:\/\/g-silver.com\/#organization\",\"name\":\"G-Silver\",\"url\":\"https:\/\/g-silver.com\/\",\"logo\":{\"@type\":\"ImageObject\",\"inLanguage\":\"it-IT\",\"@id\":\"https:\/\/g-silver.com\/#\/schema\/logo\/image\/\",\"url\":\"https:\/\/g-silver.com\/wp-content\/uploads\/2025\/03\/G-Silver__Short-Logo.jpg\",\"contentUrl\":\"https:\/\/g-silver.com\/wp-content\/uploads\/2025\/03\/G-Silver__Short-Logo.jpg\",\"width\":1182,\"height\":1182,\"caption\":\"G-Silver\"},\"image\":{\"@id\":\"https:\/\/g-silver.com\/#\/schema\/logo\/image\/\"},\"sameAs\":[\"https:\/\/www.facebook.com\/profile.php?id=100063277505032\",\"https:\/\/www.instagram.com\/g_silver_com\/\"]},{\"@type\":\"Person\",\"@id\":\"https:\/\/g-silver.com\/#\/schema\/person\/332c33b916743109284a4474c917b43b\",\"name\":\"Grace\",\"image\":{\"@type\":\"ImageObject\",\"inLanguage\":\"it-IT\",\"@id\":\"https:\/\/g-silver.com\/#\/schema\/person\/image\/\",\"url\":\"https:\/\/secure.gravatar.com\/avatar\/9c2905d5619b55992a158afebe16e63c5f223c143a218824c4ca23ff695ca186?s=96&d=mm&r=g\",\"contentUrl\":\"https:\/\/secure.gravatar.com\/avatar\/9c2905d5619b55992a158afebe16e63c5f223c143a218824c4ca23ff695ca186?s=96&d=mm&r=g\",\"caption\":\"Grace\"}}]}<\/script>\n<!-- \/ Yoast SEO Premium plugin. -->","yoast_head_json":{"title":"Salon Bijorhca Paris :\u00a0 8 - 10 septembre 2024","description":"Abbiamo avuto il piacere di vivere un'esperienza nell\u2019universo della moda e della gioielleria, in occasione del Salone Bijorhca di Parigi.","robots":{"index":"index","follow":"follow","max-snippet":"max-snippet:-1","max-image-preview":"max-image-preview:large","max-video-preview":"max-video-preview:-1"},"canonical":"https:\/\/g-silver.com\/it\/fiere-ed-eventi\/salon-bijorhca-paris-8-10-septembre-2024\/","og_locale":"it_IT","og_type":"article","og_title":"Salon Bijorhca Paris :\u00a0 8 - 10 septembre 2024","og_description":"Abbiamo avuto il piacere di vivere un'esperienza nell\u2019universo della moda e della gioielleria, in occasione del Salone Bijorhca di Parigi.","og_url":"https:\/\/g-silver.com\/it\/fiere-ed-eventi\/salon-bijorhca-paris-8-10-septembre-2024\/","og_site_name":"G-Silver","article_publisher":"https:\/\/www.facebook.com\/profile.php?id=100063277505032","article_published_time":"2024-09-11T10:53:41+00:00","article_modified_time":"2025-05-06T12:51:08+00:00","og_image":[{"width":657,"height":452,"url":"https:\/\/g-silver.com\/wp-content\/uploads\/2025\/03\/Blog_home_bijorhca.jpg","type":"image\/jpeg"}],"author":"Grace","twitter_card":"summary_large_image","twitter_misc":{"Scritto da":"Grace","Tempo di lettura stimato":"1 minuto"},"schema":{"@context":"https:\/\/schema.org","@graph":[{"@type":"Article","@id":"https:\/\/g-silver.com\/it\/fiere-ed-eventi\/salon-bijorhca-paris-8-10-septembre-2024\/#article","isPartOf":{"@id":"https:\/\/g-silver.com\/it\/fiere-ed-eventi\/salon-bijorhca-paris-8-10-septembre-2024\/"},"author":{"name":"Grace","@id":"https:\/\/g-silver.com\/#\/schema\/person\/332c33b916743109284a4474c917b43b"},"headline":"Salon Bijorhca Paris :\u00a0 8 &#8211; 10 septembre 2024","datePublished":"2024-09-11T10:53:41+00:00","dateModified":"2025-05-06T12:51:08+00:00","mainEntityOfPage":{"@id":"https:\/\/g-silver.com\/it\/fiere-ed-eventi\/salon-bijorhca-paris-8-10-septembre-2024\/"},"wordCount":5,"publisher":{"@id":"https:\/\/g-silver.com\/#organization"},"image":{"@id":"https:\/\/g-silver.com\/it\/fiere-ed-eventi\/salon-bijorhca-paris-8-10-septembre-2024\/#primaryimage"},"thumbnailUrl":"https:\/\/g-silver.com\/wp-content\/uploads\/2025\/03\/Blog_home_bijorhca.jpg","articleSection":["Blog","FIERE ED EVENTI"],"inLanguage":"it-IT"},{"@type":"WebPage","@id":"https:\/\/g-silver.com\/it\/fiere-ed-eventi\/salon-bijorhca-paris-8-10-septembre-2024\/","url":"https:\/\/g-silver.com\/it\/fiere-ed-eventi\/salon-bijorhca-paris-8-10-septembre-2024\/","name":"Salon Bijorhca Paris :\u00a0 8 - 10 septembre 2024","isPartOf":{"@id":"https:\/\/g-silver.com\/#website"},"primaryImageOfPage":{"@id":"https:\/\/g-silver.com\/it\/fiere-ed-eventi\/salon-bijorhca-paris-8-10-septembre-2024\/#primaryimage"},"image":{"@id":"https:\/\/g-silver.com\/it\/fiere-ed-eventi\/salon-bijorhca-paris-8-10-septembre-2024\/#primaryimage"},"thumbnailUrl":"https:\/\/g-silver.com\/wp-content\/uploads\/2025\/03\/Blog_home_bijorhca.jpg","datePublished":"2024-09-11T10:53:41+00:00","dateModified":"2025-05-06T12:51:08+00:00","description":"Abbiamo avuto il piacere di vivere un'esperienza nell\u2019universo della moda e della gioielleria, in occasione del Salone Bijorhca di Parigi.","breadcrumb":{"@id":"https:\/\/g-silver.com\/it\/fiere-ed-eventi\/salon-bijorhca-paris-8-10-septembre-2024\/#breadcrumb"},"inLanguage":"it-IT","potentialAction":[{"@type":"ReadAction","target":["https:\/\/g-silver.com\/it\/fiere-ed-eventi\/salon-bijorhca-paris-8-10-septembre-2024\/"]}]},{"@type":"ImageObject","inLanguage":"it-IT","@id":"https:\/\/g-silver.com\/it\/fiere-ed-eventi\/salon-bijorhca-paris-8-10-septembre-2024\/#primaryimage","url":"https:\/\/g-silver.com\/wp-content\/uploads\/2025\/03\/Blog_home_bijorhca.jpg","contentUrl":"https:\/\/g-silver.com\/wp-content\/uploads\/2025\/03\/Blog_home_bijorhca.jpg","width":657,"height":452},{"@type":"BreadcrumbList","@id":"https:\/\/g-silver.com\/it\/fiere-ed-eventi\/salon-bijorhca-paris-8-10-septembre-2024\/#breadcrumb","itemListElement":[{"@type":"ListItem","position":1,"name":"Home","item":"https:\/\/g-silver.com\/it\/"},{"@type":"ListItem","position":2,"name":"FIERE ED EVENTI","item":"https:\/\/g-silver.com\/it\/category\/fiere-ed-eventi\/"},{"@type":"ListItem","position":3,"name":"Salon Bijorhca Paris :\u00a0 8 &#8211; 10 septembre 2024"}]},{"@type":"WebSite","@id":"https:\/\/g-silver.com\/#website","url":"https:\/\/g-silver.com\/","name":"G-Silver","description":"","publisher":{"@id":"https:\/\/g-silver.com\/#organization"},"potentialAction":[{"@type":"SearchAction","target":{"@type":"EntryPoint","urlTemplate":"https:\/\/g-silver.com\/?s={search_term_string}"},"query-input":{"@type":"PropertyValueSpecification","valueRequired":true,"valueName":"search_term_string"}}],"inLanguage":"it-IT"},{"@type":"Organization","@id":"https:\/\/g-silver.com\/#organization","name":"G-Silver","url":"https:\/\/g-silver.com\/","logo":{"@type":"ImageObject","inLanguage":"it-IT","@id":"https:\/\/g-silver.com\/#\/schema\/logo\/image\/","url":"https:\/\/g-silver.com\/wp-content\/uploads\/2025\/03\/G-Silver__Short-Logo.jpg","contentUrl":"https:\/\/g-silver.com\/wp-content\/uploads\/2025\/03\/G-Silver__Short-Logo.jpg","width":1182,"height":1182,"caption":"G-Silver"},"image":{"@id":"https:\/\/g-silver.com\/#\/schema\/logo\/image\/"},"sameAs":["https:\/\/www.facebook.com\/profile.php?id=100063277505032","https:\/\/www.instagram.com\/g_silver_com\/"]},{"@type":"Person","@id":"https:\/\/g-silver.com\/#\/schema\/person\/332c33b916743109284a4474c917b43b","name":"Grace","image":{"@type":"ImageObject","inLanguage":"it-IT","@id":"https:\/\/g-silver.com\/#\/schema\/person\/image\/","url":"https:\/\/secure.gravatar.com\/avatar\/9c2905d5619b55992a158afebe16e63c5f223c143a218824c4ca23ff695ca186?s=96&d=mm&r=g","contentUrl":"https:\/\/secure.gravatar.com\/avatar\/9c2905d5619b55992a158afebe16e63c5f223c143a218824c4ca23ff695ca186?s=96&d=mm&r=g","caption":"Grace"}}]}},"_links":{"self":[{"href":"https:\/\/g-silver.com\/it\/wp-json\/wp\/v2\/posts\/83291","targetHints":{"allow":["GET"]}}],"collection":[{"href":"https:\/\/g-silver.com\/it\/wp-json\/wp\/v2\/posts"}],"about":[{"href":"https:\/\/g-silver.com\/it\/wp-json\/wp\/v2\/types\/post"}],"author":[{"embeddable":true,"href":"https:\/\/g-silver.com\/it\/wp-json\/wp\/v2\/users\/33008"}],"replies":[{"embeddable":true,"href":"https:\/\/g-silver.com\/it\/wp-json\/wp\/v2\/comments?post=83291"}],"version-history":[{"count":3,"href":"https:\/\/g-silver.com\/it\/wp-json\/wp\/v2\/posts\/83291\/revisions"}],"predecessor-version":[{"id":86630,"href":"https:\/\/g-silver.com\/it\/wp-json\/wp\/v2\/posts\/83291\/revisions\/86630"}],"wp:featuredmedia":[{"embeddable":true,"href":"https:\/\/g-silver.com\/it\/wp-json\/wp\/v2\/media\/83274"}],"wp:attachment":[{"href":"https:\/\/g-silver.com\/it\/wp-json\/wp\/v2\/media?parent=83291"}],"wp:term":[{"taxonomy":"category","embeddable":true,"href":"https:\/\/g-silver.com\/it\/wp-json\/wp\/v2\/categories?post=83291"},{"taxonomy":"post_tag","embeddable":true,"href":"https:\/\/g-silver.com\/it\/wp-json\/wp\/v2\/tags?post=83291"}],"curies":[{"name":"wp","href":"https:\/\/api.w.org\/{rel}","templated":true}]}}